{"id":9837,"date":"2025-08-26T00:10:27","date_gmt":"2025-08-25T22:10:27","guid":{"rendered":"https:\/\/devs.openbaz.be\/stics\/?p=6584"},"modified":"2025-08-26T00:10:27","modified_gmt":"2025-08-25T22:10:27","slug":"migration-choisie-migration-subie-quels-impacts-2","status":"publish","type":"post","link":"https:\/\/devs.openbaz.be\/stics\/migration-choisie-migration-subie-quels-impacts-2\/","title":{"rendered":"Migration choisie, migration subie&nbsp;: quels impacts?"},"content":{"rendered":"\n<p class=\"wp-block-paragraph\"><strong>Date et lieu<\/strong><br><strong>Jeu. 11 sept. 2025 \u00e0 09h00 au ven. 12 sept. 2025 \u00e0 17h00<br>Auditoire J Denis Mukwege, Campus Erasme, 808 Route de Lennik 1070 Bruxelles<\/strong><\/p>\n\n\n\n<p class=\"wp-block-paragraph\">Les parcours migratoires ont toujours exist\u00e9, mais ils prennent aujourd\u2019hui une importance particuli\u00e8re face \u00e0 la mont\u00e9e des nationalismes en Europe.<\/p>\n\n\n\n<p class=\"wp-block-paragraph\">En septembre 2025, l\u2019Institut Elka\u00efm de la Famille et des Syst\u00e8mes Humains r\u00e9unira des professionnels de divers horizons pour r\u00e9fl\u00e9chir aux enjeux de la migration, dans la continuit\u00e9 des colloques\u00a0\u00ab&nbsp;Traditions et Mythes&nbsp;\u00bb\u00a0(2009) et\u00a0\u00ab&nbsp;Familles et Migration&nbsp;\u00bb\u00a0(2011).<\/p>\n\n\n\n<p class=\"wp-block-paragraph\">Migrer peut \u00eatre un choix guid\u00e9 par l\u2019espoir ou une n\u00e9cessit\u00e9 impos\u00e9e par l\u2019exil. Dans tous les cas, ce chemin est marqu\u00e9 par l\u2019incertitude, la perte et la transformation des liens familiaux et sociaux.<\/p>\n\n\n\n<p class=\"wp-block-paragraph\">Ce colloque explorera l\u2019exp\u00e9rience des migrants et des professionnels qui les accompagnent, \u00e0 travers\u00a0expos\u00e9s, et t\u00e9moignages crois\u00e9s.<\/p>\n\n\n\n<ul class=\"wp-block-list\">\n<li>Comment accompagner ces hommes, ces femmes et ces familles sans s\u2019\u00e9puiser&nbsp;?<\/li>\n\n\n\n<li>Comment pr\u00e9server notre humanit\u00e9 tout en \u00e9vitant le burn-out&nbsp;?<\/li>\n\n\n\n<li>O\u00f9 puiser les ressources pour leur offrir une place dans notre soci\u00e9t\u00e9&nbsp;?<\/li>\n<\/ul>\n\n\n\n<p class=\"wp-block-paragraph\">Autant de questions que nous aborderons ensemble pour enrichir notre r\u00e9flexion et nos pratiques.<\/p>\n\n\n\n<p class=\"wp-block-paragraph\">\u200bSeront pr\u00e9sent.e.s&nbsp;: Aboude Adami, Marie-Jo Bourdin, Annalisa D&#8217;Aguanno, Ivy Daure, Pascale Jamoulle, Sophie Lahaye, Jean-Claude M\u00e9traux, Patrick Monjoie , Marie-Rose Moro, Genevi\u00e8ve Platteau, S\u00e9bastien Roy, Tabara Sylla, Fatima Touhami, Alain Vanoeteren, Abdessalem Yahyaoui\u00a0<\/p>\n\n\n\n<div class=\"wp-block-buttons is-content-justification-center is-layout-flex wp-container-core-buttons-is-layout-3e41869c wp-block-buttons-is-layout-flex\">\n<div class=\"wp-block-button is-style-outline is-style-outline--1\"><a class=\"wp-block-button__link has-text-align-center wp-element-button\" href=\"https:\/\/www.billetweb.fr\/migration-choisie-migration-subie-quels-impacts\" target=\"_blank\" rel=\"noreferrer noopener\">R\u00e9servations<\/a><\/div>\n<\/div>","protected":false},"excerpt":{"rendered":"<p>Date et lieuJeu. 11 sept. 2025 \u00e0 09h00 au ven. 12 sept. 2025 \u00e0 17h00Auditoire J Denis Mukwege, Campus Erasme, 808 Route de Lennik 1070 Bruxelles Les parcours migratoires ont toujours exist\u00e9, mais ils prennent aujourd\u2019hui une importance particuli\u00e8re face \u00e0 la mont\u00e9e des nationalismes en Europe. En septembre 2025, l\u2019Institut Elka\u00efm de la Famille [&hellip;]<\/p>","protected":false},"author":3,"featured_media":8109,"comment_status":"open","ping_status":"open","sticky":false,"template":"","format":"standard","meta":{"_acf_changed":false,"_seopress_robots_primary_cat":"","_seopress_titles_title":"","_seopress_titles_desc":"","_seopress_robots_index":"","_formation_external_id":"","_formation_date_debut":"","_formation_date_fin":"","_formation_heure_debut":"","_formation_heure_fin":"","_formation_cancelled":"","_formation_youtube":"","_formation_tarif":0,"_formation_info_date":"","_formation_info_diagnostic_oui":"","_formation_nom_formateur":"","_formation_prenom_formateur":"","_formation_nom_formateur2":"","_formation_prenom_formateur2":"","_formation_public":"","_formation_objectif":"","_formation_methodologie":"","_formation_itineraire":"","_formation_tarif_cs":0,"_formation_tarif_preferentiel":0,"_formation_info_diagnostic":"","_formation_localite":"","_formation_id_is_distant":"","_formation_heure_label":"","_formation_reference":"","_formation_presentation":"","_formation_archived":"","footnotes":""},"categories":[188],"tags":[],"class_list":["post-9837","post","type-post","status-publish","format-standard","has-post-thumbnail","hentry","category-news"],"acf":[],"_links":{"self":[{"href":"https:\/\/devs.openbaz.be\/stics\/wp-json\/wp\/v2\/posts\/9837","targetHints":{"allow":["GET"]}}],"collection":[{"href":"https:\/\/devs.openbaz.be\/stics\/wp-json\/wp\/v2\/posts"}],"about":[{"href":"https:\/\/devs.openbaz.be\/stics\/wp-json\/wp\/v2\/types\/post"}],"author":[{"embeddable":true,"href":"https:\/\/devs.openbaz.be\/stics\/wp-json\/wp\/v2\/users\/3"}],"replies":[{"embeddable":true,"href":"https:\/\/devs.openbaz.be\/stics\/wp-json\/wp\/v2\/comments?post=9837"}],"version-history":[{"count":0,"href":"https:\/\/devs.openbaz.be\/stics\/wp-json\/wp\/v2\/posts\/9837\/revisions"}],"wp:featuredmedia":[{"embeddable":true,"href":"https:\/\/devs.openbaz.be\/stics\/wp-json\/wp\/v2\/media\/8109"}],"wp:attachment":[{"href":"https:\/\/devs.openbaz.be\/stics\/wp-json\/wp\/v2\/media?parent=9837"}],"wp:term":[{"taxonomy":"category","embeddable":true,"href":"https:\/\/devs.openbaz.be\/stics\/wp-json\/wp\/v2\/categories?post=9837"},{"taxonomy":"post_tag","embeddable":true,"href":"https:\/\/devs.openbaz.be\/stics\/wp-json\/wp\/v2\/tags?post=9837"}],"curies":[{"name":"wp","href":"https:\/\/api.w.org\/{rel}","templated":true}]}}