{"id":7044,"date":"2025-04-29T20:42:35","date_gmt":"2025-04-29T18:42:35","guid":{"rendered":"https:\/\/devs.openbaz.be\/stics\/?p=6370"},"modified":"2025-04-29T20:42:35","modified_gmt":"2025-04-29T18:42:35","slug":"offre-demploi-assistant-e-de-formation-h-f-x","status":"publish","type":"post","link":"https:\/\/devs.openbaz.be\/stics\/offre-demploi-assistant-e-de-formation-h-f-x\/","title":{"rendered":"[OFFRE D&#8217;EMPLOI] Assistant.e de formation H\/F\/X"},"content":{"rendered":"\n<p class=\"has-white-color has-cyan-bluish-gray-background-color has-text-color has-background has-link-color wp-elements-8384f7e58677adf344be1f214f919e94 wp-block-paragraph\">Lieu&nbsp;:&nbsp;1030 &#8211; Schaerbeek<br>Temps de travail&nbsp;:&nbsp;Travail \u00e0 temps partiel<br>Type de contrat&nbsp;:&nbsp;Dur\u00e9e ind\u00e9termin\u00e9e<br>Famille de m\u00e9tiers&nbsp;:&nbsp;Administration et comptabilit\u00e9 \/ Secr\u00e9tariat, travail de bureau et administration du personnel<\/p>\n\n\n\n<h2 class=\"wp-block-heading\">Description de l&#8217;entreprise<\/h2>\n\n\n\n<p class=\"wp-block-paragraph\">Depuis 1984 le STICS forme, conseille et accompagne travailleur\u00b7euses et responsables du secteur non marchand pour les aider \u00e0 am\u00e9liorer leur fonctionnement quotidien, depuis la d\u00e9finition des objectifs jusqu&#8217;\u00e0 la mise en \u0153uvre et l&#8217;\u00e9valuation d&#8217;actions de terrain. Reconnu comme organisme d&#8217;\u00e9ducation permanente par la F\u00e9d\u00e9ration Wallonie-Bruxelles, nous avons l&#8217;objectif de suivre au plus pr\u00e8s les besoins du secteur et de proposer des solutions innovantes afin de s&#8217;adapter \u00e0 un paysage social, politique et \u00e9conomique particuli\u00e8rement complexe.<\/p>\n\n\n\n<h2 class=\"wp-block-heading\">Description de la fonction<\/h2>\n\n\n\n<ul class=\"wp-block-list\">\n<li>Niveau Bachelier &#8211; exigences ACS<\/li>\n\n\n\n<li>Fran\u00e7ais parfait tant \u00e0 l&#8217;oral qu&#8217;\u00e0 l&#8217;\u00e9crit,<\/li>\n\n\n\n<li>Connaissance bureatiques avanc\u00e9es&nbsp;: Excel, Word, Outlook, Base de donn\u00e9es<br><br><\/li>\n<\/ul>\n\n\n\n<h3 class=\"wp-block-heading\" style=\"font-size:25px\">Profil<\/h3>\n\n\n\n<ul class=\"wp-block-list\">\n<li>Organisation, pr\u00e9paration et suivi m\u00e9thodologique des prestations des formations et\/ou supervisions&nbsp;;<\/li>\n\n\n\n<li>Animation d&#8217;un p\u00f4le de prestataires formateurs\/consultants&nbsp;;<\/li>\n\n\n\n<li>Classement&nbsp;;&nbsp;<\/li>\n\n\n\n<li>Gestion de courrier&nbsp;;<\/li>\n\n\n\n<li>Gestion des inscriptions&nbsp;;&nbsp;<\/li>\n\n\n\n<li>Gestion des stocks&nbsp;;&nbsp;<\/li>\n\n\n\n<li>Gestion des donn\u00e9es&nbsp;;&nbsp;<\/li>\n\n\n\n<li>Suivi logistique&nbsp;;&nbsp;<\/li>\n\n\n\n<li>Secr\u00e9tariat<\/li>\n<\/ul>\n\n\n\n<h2 class=\"wp-block-heading\">Conditions d&#8217;acc\u00e8s<\/h2>\n\n\n\n<h3 class=\"wp-block-heading\" style=\"font-size:25px\"><br>Emploi ACS<\/h3>\n\n\n\n<p class=\"wp-block-paragraph\">Toutes les conditions doivent \u00eatre remplies&nbsp;:<\/p>\n\n\n\n<ul class=\"wp-block-list\">\n<li>\u00catre domicili\u00e9 en R\u00e9gion de Bruxelles-Capitale<\/li>\n\n\n\n<li>\u00catre inscrit comme demandeur d&#8217;emploi inoccup\u00e9 aupr\u00e8s d&#8217;Actiris<\/li>\n\n\n\n<li>Pour les personnes de moins de 40 ans, avoir au moins 6 mois d&#8217;inscription (calendrier) comme demandeur d&#8217;emploi inoccup\u00e9 (ou comme b\u00e9n\u00e9ficiaire du droit \u00e0 l&#8217;int\u00e9gration sociale) au cours de l&#8217;ann\u00e9e qui pr\u00e9c\u00e8de l&#8217;engagement<\/li>\n\n\n\n<li>Avoir le dipl\u00f4me requis pour le poste&nbsp;: BACHELOR<\/li>\n<\/ul>\n\n\n\n<p class=\"wp-block-paragraph\">Le calcul des conditions se fait selon la r\u00e9glementation ch\u00f4mage avec un maximum de 78 jours ouvrables dans un trimestre (dans un r\u00e9gime de six jours\/semaine). Quand cela n&#8217;est pas le cas et que le calcul se fait sous forme de calendrier (tous les jours de la semaine sont compt\u00e9s), cela est mentionn\u00e9 dans le texte.<\/p>\n\n\n\n<p class=\"wp-block-paragraph\"><strong>Se reporter \u00e0 l&#8217;arr\u00eat\u00e9 du 28 novembre 2002 du gouvernement de la R\u00e9gion de Bruxelles-Capitale relatif au r\u00e9gime des agents contractuels subventionn\u00e9s<\/strong><\/p>\n\n\n\n<h3 class=\"wp-block-heading\" style=\"font-size:25px\"><br>Dipl\u00f4me<\/h3>\n\n\n\n<ul class=\"wp-block-list\">\n<li>Sup\u00e9rieur non universitaire<br><br><\/li>\n<\/ul>\n\n\n\n<h3 class=\"wp-block-heading\" style=\"font-size:25px\">Comp\u00e9tences linguistiques<\/h3>\n\n\n\n<ul class=\"wp-block-list\">\n<li>Fran\u00e7ais (requis)\n<ul class=\"wp-block-list\">\n<li>Comprendre&nbsp;: Ind\u00e9pendant + (B2)<\/li>\n\n\n\n<li>\u00c9crire&nbsp;: Ind\u00e9pendant + (B2)<\/li>\n\n\n\n<li>Lire&nbsp;: Ind\u00e9pendant + (B2)<\/li>\n\n\n\n<li>Parler&nbsp;: Ind\u00e9pendant + (B2)<br><\/li>\n<\/ul>\n<\/li>\n<\/ul>\n\n\n\n<h2 class=\"wp-block-heading\">Avantages du poste<\/h2>\n\n\n\n<ul class=\"wp-block-list\">\n<li>Assurance hospitalisation<\/li>\n\n\n\n<li>Ch\u00e8ques repas<\/li>\n\n\n\n<li>Prime de fin d&#8217;ann\u00e9e<\/li>\n\n\n\n<li>Remboursement partiel d\u00e9placement domicile-travail<\/li>\n<\/ul>\n\n\n\n<p class=\"wp-block-paragraph\">Envie d&#8217;en apprendre davantage sur ce m\u00e9tier ou sur un m\u00e9tier proche de celui-ci&nbsp;? Parcourez toutes les informations utiles sur Panorama des m\u00e9tiers.&nbsp;<a target=\"_blank\" href=\"https:\/\/panorama.actiris.brussels\/fr\/recherche\/detail-op\/?reference=79\" rel=\"noreferrer noopener\">Panorama des m\u00e9tiers<\/a><\/p>\n\n\n\n<h2 class=\"wp-block-heading\" id=\"title0\">Comment postuler&nbsp;?<\/h2>\n\n\n\n<p class=\"wp-block-paragraph\">Pour cette offre d&#8217;emploi, l&#8217;employeur a confi\u00e9 son processus de recrutement \u00e0 Actiris. Pour postuler, utilisez\u00a0<a href=\"https:\/\/my.actiris.brussels\/citizen\/joboffer\/actiris\/FRANCAIS\/5417591\" target=\"_blank\" rel=\"noreferrer noopener\">My Actiris<\/a>\u00a0ou contactez-nous au 0800 35&nbsp;123. La date limite pour postuler est fix\u00e9e au 01.06.2025.<br><\/p>\n\n\n\n<div class=\"wp-block-buttons is-content-justification-center is-layout-flex wp-container-core-buttons-is-layout-3e41869c wp-block-buttons-is-layout-flex\">\n<div class=\"wp-block-button has-custom-width wp-block-button__width-50 is-style-outline is-style-outline--1\"><a class=\"wp-block-button__link wp-element-button\" href=\"https:\/\/my.actiris.brussels\/citizen\/joboffer\/5417591\" target=\"_blank\" rel=\"noreferrer noopener\">Postuler via My Actiris<\/a><\/div>\n<\/div>\n\n\n\n<p class=\"wp-block-paragraph\"><br><\/p>","protected":false},"excerpt":{"rendered":"<p>Lieu&nbsp;:&nbsp;1030 &#8211; SchaerbeekTemps de travail&nbsp;:&nbsp;Travail \u00e0 temps partielType de contrat&nbsp;:&nbsp;Dur\u00e9e ind\u00e9termin\u00e9eFamille de m\u00e9tiers&nbsp;:&nbsp;Administration et comptabilit\u00e9 \/ Secr\u00e9tariat, travail de bureau et administration du personnel Description de l&#8217;entreprise Depuis 1984 le STICS forme, conseille et accompagne travailleur\u00b7euses et responsables du secteur non marchand pour les aider \u00e0 am\u00e9liorer leur fonctionnement quotidien, depuis la d\u00e9finition des objectifs [&hellip;]<\/p>","protected":false},"author":1,"featured_media":5107,"comment_status":"open","ping_status":"open","sticky":false,"template":"","format":"standard","meta":{"_acf_changed":false,"_seopress_robots_primary_cat":"","_seopress_titles_title":"","_seopress_titles_desc":"","_seopress_robots_index":"","_formation_external_id":"","_formation_date_debut":"","_formation_date_fin":"","_formation_heure_debut":"","_formation_heure_fin":"","_formation_cancelled":"","_formation_youtube":"","_formation_tarif":0,"_formation_info_date":"","_formation_info_diagnostic_oui":"","_formation_nom_formateur":"","_formation_prenom_formateur":"","_formation_nom_formateur2":"","_formation_prenom_formateur2":"","_formation_public":"","_formation_objectif":"","_formation_methodologie":"","_formation_itineraire":"","_formation_tarif_cs":0,"_formation_tarif_preferentiel":0,"_formation_info_diagnostic":"","_formation_localite":"","_formation_id_is_distant":"","_formation_heure_label":"","_formation_reference":"","_formation_presentation":"","_formation_archived":"","footnotes":""},"categories":[188],"tags":[],"class_list":["post-7044","post","type-post","status-publish","format-standard","has-post-thumbnail","hentry","category-news"],"acf":[],"_links":{"self":[{"href":"https:\/\/devs.openbaz.be\/stics\/wp-json\/wp\/v2\/posts\/7044","targetHints":{"allow":["GET"]}}],"collection":[{"href":"https:\/\/devs.openbaz.be\/stics\/wp-json\/wp\/v2\/posts"}],"about":[{"href":"https:\/\/devs.openbaz.be\/stics\/wp-json\/wp\/v2\/types\/post"}],"author":[{"embeddable":true,"href":"https:\/\/devs.openbaz.be\/stics\/wp-json\/wp\/v2\/users\/1"}],"replies":[{"embeddable":true,"href":"https:\/\/devs.openbaz.be\/stics\/wp-json\/wp\/v2\/comments?post=7044"}],"version-history":[{"count":0,"href":"https:\/\/devs.openbaz.be\/stics\/wp-json\/wp\/v2\/posts\/7044\/revisions"}],"wp:featuredmedia":[{"embeddable":true,"href":"https:\/\/devs.openbaz.be\/stics\/wp-json\/wp\/v2\/media\/5107"}],"wp:attachment":[{"href":"https:\/\/devs.openbaz.be\/stics\/wp-json\/wp\/v2\/media?parent=7044"}],"wp:term":[{"taxonomy":"category","embeddable":true,"href":"https:\/\/devs.openbaz.be\/stics\/wp-json\/wp\/v2\/categories?post=7044"},{"taxonomy":"post_tag","embeddable":true,"href":"https:\/\/devs.openbaz.be\/stics\/wp-json\/wp\/v2\/tags?post=7044"}],"curies":[{"name":"wp","href":"https:\/\/api.w.org\/{rel}","templated":true}]}}