{"id":7043,"date":"2025-04-25T16:30:48","date_gmt":"2025-04-25T14:30:48","guid":{"rendered":"https:\/\/devs.openbaz.be\/stics\/?p=6351"},"modified":"2025-04-25T16:30:48","modified_gmt":"2025-04-25T14:30:48","slug":"agenda-tenir-metiers-intervention-sociale-culturelle-nouvelles-relations-travail","status":"publish","type":"post","link":"https:\/\/devs.openbaz.be\/stics\/agenda-tenir-metiers-intervention-sociale-culturelle-nouvelles-relations-travail\/","title":{"rendered":"[AGENDA] Tenir&nbsp;! Les m\u00e9tiers de l\u2019intervention sociale et culturelle \u00e0 l\u2019\u00e9preuve des nouvelles relations de travail"},"content":{"rendered":"\n<p class=\"has-text-align-center has-medium-font-size wp-block-paragraph\">Matin\u00e9e d\u2019\u00e9tude et de participation<br>Mercredi 4 juin 2025 \u2013 8:30 &#8211; 13:00<br>Arts&amp;Publics ASBL, chauss\u00e9e de Boondael 6, 1050 Ixelles <br>Participation gratuite sur r\u00e9servation<\/p>\n\n\n\n<p class=\"wp-block-paragraph\"><\/p>\n\n\n\n<p class=\"wp-block-paragraph\"><strong>Les secteurs de l&#8217;intervention sociale, de la culture et du soin font face \u00e0 de fortes tensions, nourries par les p\u00e9nuries de personnel, une pression accrue, une baisse des subventions et l&#8217;explosion des t\u00e2ches. Ces \u00e9volutions donnent lieu \u00e0 une remise en question plus large du travail et de la relation au travail dans des m\u00e9tiers souvent bas\u00e9s sur la vocation. Le\u00a0<\/strong><strong>4 juin<\/strong><strong>, Arts&amp;Publics et le STICS asbl vous invite \u00e0 une\u00a0<\/strong><strong>matin\u00e9e d&#8217;\u00e9tude et de participation<\/strong><strong>\u00a0afin de r\u00e9fl\u00e9chir ensemble sur la mani\u00e8re de\u00a0<\/strong><strong>redonner sens \u00e0 l&#8217;engagement professionnel et construire de nouveaux mod\u00e8les d&#8217;insertion, dans un monde du travail fragment\u00e9 et en mutation. Deux intervenants,\u00a0<\/strong><strong>Carlo Caldarini<\/strong><strong>,<\/strong><strong>\u00a0responsable des \u00e9tudes et de la recherche sociale au CPAS et formateur, et\u00a0<\/strong><strong>Didier Vrancken<\/strong><strong>,\u00a0<\/strong><strong>Professeur \u00e0 la Facult\u00e9 des Sciences Sociales de l\u2019Universit\u00e9 de Li\u00e8ge et au Centre de Recherche et d\u2019Interventions Sociologiques, apporteront leurs regards sur le travail et ses repr\u00e9sentations.<\/strong><\/p>\n\n\n\n<p class=\"wp-block-paragraph\">Depuis quelques ann\u00e9es, les m\u00e9tiers de l\u2019intervention sociale, de la culture, du&nbsp;<em>care<\/em>, se retrouvent de plus en plus sollicit\u00e9s, sous pression. Ainsi, les h\u00f4pitaux connaissent des difficult\u00e9s \u00e0 recruter du personnel soignant, les grands CPAS de Bruxelles et de Wallonie font face \u00e0 des p\u00e9nuries de travailleurs sociaux. Par ailleurs, avec les nouvelles mesures gouvernementales, les secteurs de la sant\u00e9, de la culture et de l\u2019aide sociale s\u2019attendent \u00e0 \u00eatre moins subventionn\u00e9s tandis que les t\u00e2ches ne vont cesser de cro\u00eetre. Il suffit ainsi de se penser aux effets que risque de produire pour les CPAS la r\u00e9duction de la p\u00e9riode d\u2019indemnisation des allocations de ch\u00f4mage \u00e0 un ou deux ans maximum qui interpelle tous nos secteurs, particuli\u00e8rement le secteur culturel o\u00f9 l&#8217;intermittence est tr\u00e8s r\u00e9pandue.<\/p>\n\n\n\n<p class=\"wp-block-paragraph\">Ces tensions, bien visibles dans les institutions, sont les manifestations d\u2019un glissement plus profond dans notre rapport collectif au travail.<\/p>\n\n\n\n<p class=\"wp-block-paragraph\">Pendant longtemps, le travail a \u00e9t\u00e9 per\u00e7u comme une promesse&nbsp;: celle de l\u2019\u00e9mancipation, de l\u2019int\u00e9gration et de la reconnaissance sociale. Il structurait nos vies, d\u00e9finissait nos identit\u00e9s, garantissait notre protection sociale. Mais cette promesse semble aujourd\u2019hui s\u2019effriter. Les signes d\u2019un basculement s\u2019accumulent&nbsp;: difficult\u00e9s \u00e0 recruter des travailleurs sociaux, perte d\u2019attrait pour les m\u00e9tiers \u00e0 vocation, pi\u00e8ges \u00e0 l\u2019emploi \u2026<\/p>\n\n\n\n<p class=\"wp-block-paragraph\">Derri\u00e8re ces sympt\u00f4mes se dessinent des transformations plus profondes&nbsp;: \u00e9volution des aspirations individuelles, mont\u00e9e en puissance des formes d\u2019emploi atypiques, ub\u00e9risation du travail et ses probl\u00e8mes en mati\u00e8re de protection sociale, de pr\u00e9carit\u00e9 et d\u2019instabilit\u00e9 financi\u00e8re, brouillage des fronti\u00e8res entre vie priv\u00e9e et vie professionnelle, qu\u00eate de sens\u2026 La centralit\u00e9 du travail est remise en question, non seulement par les jeunes g\u00e9n\u00e9rations, mais aussi par une soci\u00e9t\u00e9 en qu\u00eate de nouveaux \u00e9quilibres.<\/p>\n\n\n\n<p class=\"wp-block-paragraph\">Face \u00e0 ces bouleversements, les acteurs de l\u2019insertion socioprofessionnelle \u2014 CPAS, Missions locales, Entreprises et ateliers de formation par le travail \u2014 sont en premi\u00e8re ligne. Ils doivent r\u00e9inventer leurs pratiques, repenser leurs objectifs, et interroger leurs propres mod\u00e8les de r\u00e9f\u00e9rence. Comment parler de \u00ab&nbsp;mise \u00e0 l\u2019emploi&nbsp;\u00bb quand l\u2019emploi ne garantit plus la dignit\u00e9&nbsp;? Comment valoriser l\u2019engagement professionnel quand celui-ci est per\u00e7u comme une source de souffrance ou d\u2019absurdit\u00e9&nbsp;? Comment construire des parcours d\u2019insertion dans un monde du travail morcel\u00e9, incertain, parfois rejet\u00e9&nbsp;?<\/p>\n\n\n\n<p class=\"wp-block-paragraph\">Le but de cette matin\u00e9e de rencontre, organis\u00e9e par Arts&amp;Publics et le STICS, est de r\u00e9fl\u00e9chir de mani\u00e8re collective sur les \u00e9volutions actuelles du travail social dans le secteur de l\u2019intervention sociale et culturelle. Comment a-t-il \u00e9volu\u00e9, quel sens y donner encore&nbsp;? Un sens pour soi, pour les coll\u00e8gues, pour les institutions, un sens pour les usagers, les patients, les citoyens&nbsp;? Un sens \u00e0 construire&nbsp;? Ou \u00e0 reconstruire&nbsp;?<\/p>\n\n\n\n<p class=\"wp-block-paragraph\"><strong>Participation gratuite sur inscription<\/strong> <a href=\"https:\/\/www.eventbrite.be\/e\/billets-les-nouvelles-relations-de-travail-dans-les-metiers-socioculturels-1338200115569?utm-campaign=social&amp;utm-content=attendeeshare&amp;utm-medium=discovery&amp;utm-term=listing&amp;utm-source=cp&amp;aff=ebdsshcopyurl\" target=\"_blank\" rel=\"noreferrer noopener\">via notre formulaire en ligne<\/a>.<\/p>\n\n\n\n<h2 class=\"wp-block-heading\">\u00c0 propos des intervenants<\/h2>\n\n\n\n<p class=\"wp-block-paragraph\"><strong>Carlo Caldarini,<\/strong>&nbsp;actuellement responsable des \u00e9tudes et de la recherche sociale dans l\u2019un des plus grands CPAS de Belgique et formateur aupr\u00e8s du STICS. Il est \u00e9galement formateur ind\u00e9pendant, chercheur associ\u00e9 \u00e0 l\u2019Institut de Recherche Formation et Action sur les Migrations (IRFAM) et auteur\/formateur chez Vanden Broele (CPASconnect). En tant que formateur, il est particuli\u00e8rement attach\u00e9 \u00e0 la p\u00e9dagogie constructiviste. En tant que chercheur, il privil\u00e9gie les m\u00e9thodes participatives et de groupe, et travaille avec des donn\u00e9es \u00e0 la fois qualitatives et quantitatives.<\/p>\n\n\n\n<p class=\"wp-block-paragraph\"><strong>Didier Vrancken,&nbsp;<\/strong>Professeur \u00e0 l\u2019Universit\u00e9 de Li\u00e8ge (ULiege), Facult\u00e9 des sciences sociales, Sociologie de l&#8217;organisation et de l&#8217;intervention, Facult\u00e9 des sciences sociales, Doyen de la Facult\u00e9 des Sciences sociales, IRSS: Centre de Recherche et d&#8217;Interventions Sociologiques. Il est sp\u00e9cialis\u00e9 dans l\u2019analyse des politiques sociales et des politiques d\u2019intervention sociale et dirige la Maison des Sciences de l\u2019Homme de l\u2019ULiege.<\/p>\n\n\n\n<h2 class=\"wp-block-heading\">Programme<br><br><\/h2>\n\n\n\n<p class=\"wp-block-paragraph\"><strong>08:30&nbsp;&#8211;&nbsp;09:00 \u2022 Accueil des participant\u00b7e\u00b7s<\/strong><\/p>\n\n\n\n<p class=\"wp-block-paragraph\">Moment informel pour permettre aux participants de se rencontrer.<br><\/p>\n\n\n\n<p class=\"wp-block-paragraph\"><strong>09:00&nbsp;&#8211;&nbsp;09:15 \u2022 Introduction de la matin\u00e9e<\/strong><\/p>\n\n\n\n<p class=\"wp-block-paragraph\">Pr\u00e9sentation des objectifs de la matin\u00e9e, du cadre de r\u00e9flexion et du d\u00e9roulement.<br><\/p>\n\n\n\n<p class=\"wp-block-paragraph\"><strong>09:15&nbsp;&#8211;&nbsp;09:45 \u2022 L&#8217;\u00e9volution du travail dans le secteur de l\u2019intervention sociale et culturelle<\/strong><\/p>\n\n\n\n<p class=\"wp-block-paragraph\">\u00c9changes en groupes \u2014 Le travail tel qu\u2019on le vit, tel qu\u2019on le voit \u00e9voluer.<br><\/p>\n\n\n\n<p class=\"wp-block-paragraph\"><strong>09:45&nbsp;&#8211;&nbsp;10:30 \u2022 La place du travail dans nos soci\u00e9t\u00e9s actuelles <\/strong><br><br>Intervention de Carlo Caldarini<\/p>\n\n\n\n<p class=\"wp-block-paragraph\">Le travail est-il en train de perdre sa centralit\u00e9 dans nos soci\u00e9t\u00e9s&nbsp;? S\u2019agit-il d\u2019un ph\u00e9nom\u00e8ne g\u00e9n\u00e9rationnel&nbsp;? Un texte p\u00e9dagogique pr\u00e9paratoire en lien avec cette intervention sera transmis une semaine avant la matin\u00e9e, afin de permettre \u00e0 chacun\u00b7e d\u2019entrer plus activement dans la r\u00e9flexion.<br><br><\/p>\n\n\n\n<p class=\"has-white-color has-vivid-red-background-color has-text-color has-background has-link-color wp-elements-049ac1452fc914d8f38635019ef6a6a5 wp-block-paragraph\">10:30&nbsp;&#8211;&nbsp;10:45 \u2022 PAUSE<\/p>\n\n\n\n<p class=\"wp-block-paragraph\"><br><strong>10:45&nbsp;&#8211;&nbsp;11:30 \u2022 Consid\u00e8res-tu le travail comme une valeur dans ta vie&nbsp;?<\/strong><br><br>Intervention de Didier Vrancken<\/p>\n\n\n\n<p class=\"wp-block-paragraph\">Pr\u00e9sentation interactive de l\u2019enqu\u00eate men\u00e9e par Didier Vrancken sur les repr\u00e9sentations du travail. Les participant\u00b7e\u00b7s seront invit\u00e9\u00b7e\u00b7s \u00e0 r\u00e9pondre \u00e0 un petit module d\u2019enqu\u00eate en direct, suivi d\u2019une mise en d\u00e9bat des r\u00e9sultats en temps r\u00e9el. Objectif&nbsp;: confronter les perceptions individuelles aux dynamiques collectives.<\/p>\n\n\n\n<p class=\"wp-block-paragraph\"><strong>12:00&nbsp;&#8211;&nbsp;12:30 \u2022 Synth\u00e8se<\/strong><\/p>\n\n\n\n<p class=\"wp-block-paragraph\">Synth\u00e8se collective \u2014 Que retenir&nbsp;? Quelles questions pour la suite&nbsp;?<\/p>\n\n\n\n<p class=\"wp-block-paragraph\"><strong>12:30&nbsp;&#8211;&nbsp;13:00 \u2022 Cl\u00f4ture et perspectives<\/strong><\/p>\n\n\n\n<p class=\"wp-block-paragraph\">Mot de cl\u00f4ture&nbsp;: remerciements, valorisation des apports, invitation \u00e0 prolonger les \u00e9changes.<br><br><br><\/p>\n\n\n\n<div class=\"wp-block-buttons is-content-justification-center is-layout-flex wp-container-core-buttons-is-layout-3e41869c wp-block-buttons-is-layout-flex\">\n<div class=\"wp-block-button has-custom-width wp-block-button__width-50 is-style-outline is-style-outline--1\"><a class=\"wp-block-button__link has-text-align-center wp-element-button\" href=\"https:\/\/www.eventbrite.be\/e\/billets-les-nouvelles-relations-de-travail-dans-les-metiers-socioculturels-1338200115569?utm-campaign=social&amp;utm-content=attendeeshare&amp;utm-medium=discovery&amp;utm-term=listing&amp;utm-source=cp&amp;aff=ebdsshcopyurl\" target=\"_blank\" rel=\"noreferrer noopener\">Je m&#8217;inscris&nbsp;!<\/a><\/div>\n<\/div>\n\n\n\n<p class=\"wp-block-paragraph\"><br><br><\/p>\n\n\n\n<figure class=\"wp-block-image size-full\"><img alt=\"\" decoding=\"async\" src=\"https:\/\/artsetpublics.be\/wp-content\/uploads\/2023\/08\/64b7d2b57401e3478a44eb4b.png\" alt=\"\" class=\"wp-image-36920\"\/><\/figure>","protected":false},"excerpt":{"rendered":"<p>Matin\u00e9e d\u2019\u00e9tude et de participationMercredi 4 juin 2025 \u2013 8:30 &#8211; 13:00Arts&amp;Publics ASBL, chauss\u00e9e de Boondael 6, 1050 Ixelles Participation gratuite sur r\u00e9servation Les secteurs de l&#8217;intervention sociale, de la culture et du soin font face \u00e0 de fortes tensions, nourries par les p\u00e9nuries de personnel, une pression accrue, une baisse des subventions et l&#8217;explosion [&hellip;]<\/p>","protected":false},"author":1,"featured_media":7031,"comment_status":"open","ping_status":"open","sticky":false,"template":"","format":"standard","meta":{"_acf_changed":false,"_seopress_robots_primary_cat":"","_seopress_titles_title":"","_seopress_titles_desc":"","_seopress_robots_index":"","_formation_external_id":"","_formation_date_debut":"","_formation_date_fin":"","_formation_heure_debut":"","_formation_heure_fin":"","_formation_cancelled":"","_formation_youtube":"","_formation_tarif":0,"_formation_info_date":"","_formation_info_diagnostic_oui":"","_formation_nom_formateur":"","_formation_prenom_formateur":"","_formation_nom_formateur2":"","_formation_prenom_formateur2":"","_formation_public":"","_formation_objectif":"","_formation_methodologie":"","_formation_itineraire":"","_formation_tarif_cs":0,"_formation_tarif_preferentiel":0,"_formation_info_diagnostic":"","_formation_localite":"","_formation_id_is_distant":"","_formation_heure_label":"","_formation_reference":"","_formation_presentation":"","_formation_archived":"","footnotes":""},"categories":[188],"tags":[],"class_list":["post-7043","post","type-post","status-publish","format-standard","has-post-thumbnail","hentry","category-news"],"acf":[],"_links":{"self":[{"href":"https:\/\/devs.openbaz.be\/stics\/wp-json\/wp\/v2\/posts\/7043","targetHints":{"allow":["GET"]}}],"collection":[{"href":"https:\/\/devs.openbaz.be\/stics\/wp-json\/wp\/v2\/posts"}],"about":[{"href":"https:\/\/devs.openbaz.be\/stics\/wp-json\/wp\/v2\/types\/post"}],"author":[{"embeddable":true,"href":"https:\/\/devs.openbaz.be\/stics\/wp-json\/wp\/v2\/users\/1"}],"replies":[{"embeddable":true,"href":"https:\/\/devs.openbaz.be\/stics\/wp-json\/wp\/v2\/comments?post=7043"}],"version-history":[{"count":0,"href":"https:\/\/devs.openbaz.be\/stics\/wp-json\/wp\/v2\/posts\/7043\/revisions"}],"wp:featuredmedia":[{"embeddable":true,"href":"https:\/\/devs.openbaz.be\/stics\/wp-json\/wp\/v2\/media\/7031"}],"wp:attachment":[{"href":"https:\/\/devs.openbaz.be\/stics\/wp-json\/wp\/v2\/media?parent=7043"}],"wp:term":[{"taxonomy":"category","embeddable":true,"href":"https:\/\/devs.openbaz.be\/stics\/wp-json\/wp\/v2\/categories?post=7043"},{"taxonomy":"post_tag","embeddable":true,"href":"https:\/\/devs.openbaz.be\/stics\/wp-json\/wp\/v2\/tags?post=7043"}],"curies":[{"name":"wp","href":"https:\/\/api.w.org\/{rel}","templated":true}]}}