{"id":6726,"date":"2025-08-25T15:35:40","date_gmt":"2025-08-25T13:35:40","guid":{"rendered":"https:\/\/devs.openbaz.be\/stics\/?p=6726"},"modified":"2025-08-25T15:35:40","modified_gmt":"2025-08-25T13:35:40","slug":"incarner-peps-nouvelle-mission-de-formation-one","status":"publish","type":"post","link":"https:\/\/devs.openbaz.be\/stics\/incarner-peps-nouvelle-mission-de-formation-one\/","title":{"rendered":"\u00a0Incarner PEP&#8217;s\u00a0: nouvelle mission de formation pour l&#8217;ONE"},"content":{"rendered":"\n<p class=\"wp-block-paragraph\">Pour cette rentr\u00e9e de septembre 2025, le STICS d\u00e9marre une nouvelle mission de formation \u00e0 destination des <a href=\"https:\/\/www.one.be\/public\/emploi\/one-comme-employeur\/les-metiers-de-lone\/peps\/\" target=\"_blank\" rel=\"noreferrer noopener\"><strong>Partenaires Enfants-Parents (PEP\u2019s)<\/strong> <strong>de l\u2019Office de la Naissance et de l\u2019Enfance (ONE)<\/strong><\/a>. Cette mission vise \u00e0 outiller les professionnel\u00b7le\u00b7s pour qu\u2019ils et elles puissent <strong>incarner l\u2019offre de service et susciter l\u2019adh\u00e9sion des parents<\/strong>, dans une perspective de promotion de la sant\u00e9 et de soutien \u00e0 la parentalit\u00e9.<\/p>\n\n\n\n<p class=\"wp-block-paragraph\">Durant deux journ\u00e9es, les participant\u00b7e\u00b7s d\u00e9couvriront une approche combinant <strong>marketing et storytelling<\/strong>, <strong>analyse transactionnelle<\/strong> et <strong>programmation neurolinguistique<\/strong>. Objectif&nbsp;: apprendre \u00e0 mieux se conna\u00eetre pour mieux comprendre l\u2019autre, fluidifier la communication et renforcer l\u2019impact de leurs interventions.<\/p>\n\n\n\n<p class=\"wp-block-paragraph\">La formation sera anim\u00e9e par <strong>Isabelle Vanlathem, formatrice-consultante et superviseuse<\/strong>, qui mobilisera son expertise et ses outils p\u00e9dagogiques pour amener les PEP\u2019s \u00e0&nbsp;:<\/p>\n\n\n\n<ul class=\"wp-block-list\">\n<li><strong>adapter<\/strong> leur offre de service en fonction des b\u00e9n\u00e9ficiaires&nbsp;;<\/li>\n\n\n\n<li><strong>raconter<\/strong> et mettre en valeur cette offre \u00e0 travers un storytelling et des r\u00e9cits percutants&nbsp;;<\/li>\n\n\n\n<li><strong>mettre en sc\u00e8ne<\/strong> leur communication en d\u00e9veloppant charisme et aisance, aussi bien en face \u00e0 face qu\u2019au t\u00e9l\u00e9phone&nbsp;;<\/li>\n\n\n\n<li><strong>identifier<\/strong> les freins qui emp\u00eachent parfois de valoriser les services et trouver des leviers pour les d\u00e9passer.<\/li>\n<\/ul>\n\n\n\n<p class=\"wp-block-paragraph\">Gr\u00e2ce \u00e0 une alternance d\u2019apports th\u00e9oriques, d\u2019exercices pratiques et de mises en situation, cette formation permettra aux \u00e9quipes de l\u2019ONE de <strong>renforcer leurs comp\u00e9tences relationnelles et communicationnelles<\/strong>, au service d\u2019une parentalit\u00e9 soutenue et valoris\u00e9e.<\/p>\n\n\n\n<h2 class=\"wp-block-heading\">Contenus de formation <\/h2>\n\n\n\n<ul class=\"wp-block-list\">\n<li>La communication&nbsp;: la base de tout \n<ul class=\"wp-block-list\">\n<li>Pourquoi communique-t-on&nbsp;? <\/li>\n\n\n\n<li>Le sch\u00e9ma de la communication <\/li>\n\n\n\n<li>Les parasites de la communication<br><br><\/li>\n<\/ul>\n<\/li>\n\n\n\n<li>\u00c9metteur et r\u00e9cepteur&nbsp;: mieux se conna\u00eetre soi et son client \n<ul class=\"wp-block-list\">\n<li>Le Process Com Model&nbsp;: apport th\u00e9orique <\/li>\n\n\n\n<li>D\u00e9velopper sa capacit\u00e9 d\u2019\u00e9coute par l\u2019\u00e9coute active et la reformulation&nbsp;: apport th\u00e9orique <br><br><\/li>\n<\/ul>\n<\/li>\n\n\n\n<li>Le Code&nbsp;: quel langage parle-t-on&nbsp;? \n<ul class=\"wp-block-list\">\n<li>Le VAKOG&nbsp;: 5 canaux sensoriels<\/li>\n\n\n\n<li>Comment capter l\u2019attention par le langage non-verbal  <br><br><\/li>\n<\/ul>\n<\/li>\n\n\n\n<li>Adapter et raconter l\u2019offre de service via des techniques de marketing \n<ul class=\"wp-block-list\">\n<li>De la culture d\u2019entreprise \u00e0 l\u2019action <\/li>\n\n\n\n<li>La matrice SWOT <\/li>\n\n\n\n<li>Les \u00e9tapes du marketing&nbsp;: de la d\u00e9couverte du service \u00e0 la fid\u00e9lisation du client <br><br><\/li>\n<\/ul>\n<\/li>\n\n\n\n<li>Comment construire un message percutant gr\u00e2ce au storytelling et les diff\u00e9rents formats du storytelling <br><\/li>\n\n\n\n<li>Les 5 \u00e9tapes d\u2019un bon storytelling Les bases fondamentales de l\u2019assertivit\u00e9 <br><\/li>\n\n\n\n<li>Elaboration d\u2019un bilan et plan d\u2019action individuels<\/li>\n<\/ul>\n\n\n\n<h2 class=\"wp-block-heading\">Quelques mots sur notre intervenante&nbsp;: Isabelle Vanlathem<\/h2>\n\n\n\n<p class=\"wp-block-paragraph\">Isabelle Vanlathem, formatrice-consultante superviseuse Apr\u00e8s 30 ans d\u2019action de premi\u00e8re ligne sur le plan politique et associatif, je mets mes comp\u00e9tences, mon exp\u00e9rience professionnelle et personnelle, mon savoir-faire et savoir-\u00eatre au service des \u00e9quipes et directions, individuellement ou collectivement. Je propose des s\u00e9ances de supervision, des missions de consultance, de la m\u00e9diation, du coaching et des modules de formation. Je suis bacheli\u00e8re en communication sociale, m\u00e9diatrice g\u00e9n\u00e9raliste et familiale et certifi\u00e9e en p\u00e9dagogie active. Ma bo\u00eete \u00e0 outils est constitu\u00e9e entre autres d\u2019outils de l\u2019analyse transactionnelle, de la communication non violente, de la pleine conscience, de l\u2019intelligence collective, du management, des neurosciences.<br><br><\/p>\n\n\n\n<p class=\"has-text-align-right wp-block-paragraph\"><br>Photo \u00a9 ONE<br><br><\/p>","protected":false},"excerpt":{"rendered":"<p>Pour cette rentr\u00e9e de septembre 2025, le STICS d\u00e9marre une nouvelle mission de formation \u00e0 destination des Partenaires Enfants-Parents (PEP\u2019s) de l\u2019Office de la Naissance et de l\u2019Enfance (ONE). Cette mission vise \u00e0 outiller les professionnel\u00b7le\u00b7s pour qu\u2019ils et elles puissent incarner l\u2019offre de service et susciter l\u2019adh\u00e9sion des parents, dans une perspective de promotion [&hellip;]<\/p>","protected":false},"author":3,"featured_media":6732,"comment_status":"open","ping_status":"open","sticky":false,"template":"","format":"standard","meta":{"_acf_changed":false,"_seopress_robots_primary_cat":"","_seopress_titles_title":"","_seopress_titles_desc":"","_seopress_robots_index":"","_formation_external_id":"","_formation_date_debut":"","_formation_date_fin":"","_formation_heure_debut":"","_formation_heure_fin":"","_formation_cancelled":"","_formation_youtube":"","_formation_tarif":0,"_formation_info_date":"","_formation_info_diagnostic_oui":"","_formation_nom_formateur":"","_formation_prenom_formateur":"","_formation_nom_formateur2":"","_formation_prenom_formateur2":"","_formation_public":"","_formation_objectif":"","_formation_methodologie":"","_formation_itineraire":"","_formation_tarif_cs":0,"_formation_tarif_preferentiel":0,"_formation_info_diagnostic":"","_formation_localite":"","_formation_id_is_distant":"","_formation_heure_label":"","_formation_reference":"","_formation_presentation":"","_formation_archived":"","footnotes":""},"categories":[188],"tags":[],"class_list":["post-6726","post","type-post","status-publish","format-standard","has-post-thumbnail","hentry","category-news"],"acf":[],"_links":{"self":[{"href":"https:\/\/devs.openbaz.be\/stics\/wp-json\/wp\/v2\/posts\/6726","targetHints":{"allow":["GET"]}}],"collection":[{"href":"https:\/\/devs.openbaz.be\/stics\/wp-json\/wp\/v2\/posts"}],"about":[{"href":"https:\/\/devs.openbaz.be\/stics\/wp-json\/wp\/v2\/types\/post"}],"author":[{"embeddable":true,"href":"https:\/\/devs.openbaz.be\/stics\/wp-json\/wp\/v2\/users\/3"}],"replies":[{"embeddable":true,"href":"https:\/\/devs.openbaz.be\/stics\/wp-json\/wp\/v2\/comments?post=6726"}],"version-history":[{"count":0,"href":"https:\/\/devs.openbaz.be\/stics\/wp-json\/wp\/v2\/posts\/6726\/revisions"}],"wp:featuredmedia":[{"embeddable":true,"href":"https:\/\/devs.openbaz.be\/stics\/wp-json\/wp\/v2\/media\/6732"}],"wp:attachment":[{"href":"https:\/\/devs.openbaz.be\/stics\/wp-json\/wp\/v2\/media?parent=6726"}],"wp:term":[{"taxonomy":"category","embeddable":true,"href":"https:\/\/devs.openbaz.be\/stics\/wp-json\/wp\/v2\/categories?post=6726"},{"taxonomy":"post_tag","embeddable":true,"href":"https:\/\/devs.openbaz.be\/stics\/wp-json\/wp\/v2\/tags?post=6726"}],"curies":[{"name":"wp","href":"https:\/\/api.w.org\/{rel}","templated":true}]}}