{"id":6490,"date":"2025-07-02T19:04:00","date_gmt":"2025-07-02T17:04:00","guid":{"rendered":"https:\/\/devs.openbaz.be\/stics\/?p=6490"},"modified":"2025-07-02T19:04:00","modified_gmt":"2025-07-02T17:04:00","slug":"formation-certifiante-devenir-formateur%c2%b7trice-les-fondamentaux-de-lanimation-et-de-la-pedagogie-2","status":"publish","type":"post","link":"https:\/\/devs.openbaz.be\/stics\/formation-certifiante-devenir-formateur%c2%b7trice-les-fondamentaux-de-lanimation-et-de-la-pedagogie-2\/","title":{"rendered":"[FORMATION CERTIFIANTE] Devenir formateur\u00b7trice&nbsp;: les fondamentaux de l&#8217;animation et de la p\u00e9dagogie"},"content":{"rendered":"\n<p class=\"wp-block-paragraph\">Vous aspirez \u00e0 transmettre vos savoirs avec impact&nbsp;?\u202f&nbsp;Le Stics asbl vous propose une nouvelle formation certificative pour 2026, selon deux calendriers possibles, au printemps et \u00e0 l&#8217;automne.<\/p>\n\n\n\n<p class=\"wp-block-paragraph\">Cette formation vous permettra d\u2019appr\u00e9hender et de renforcer vos comp\u00e9tences pour booster votre position de formateur\u00b7rice&nbsp;: prise de parole, communication, outils d&#8217;intervention, etc.<\/p>\n\n\n\n<p class=\"wp-block-paragraph\">Il s\u2019agit d\u2019un parcours de formation dont vous choisirez les modules compl\u00e9mentaires qui correspondent le plus \u00e0 vos besoins.&nbsp;<\/p>\n\n\n\n<p class=\"wp-block-paragraph\">Nous vous proposons un sc\u00e9nario de formation original et novateur qui peut se transformer en fonction de vos r\u00e9els besoins d\u2019acquisition de comp\u00e9tences. Le parcours d\u00e9bute par un cursus commun \u00e0 tous\u00b7tes de 8 journ\u00e9es de formation sur les fondamentaux de la transmission p\u00e9dagogique. <br><br><\/p>\n\n\n\n<p class=\"has-white-color has-cyan-bluish-gray-background-color has-text-color has-background has-link-color has-small-font-size wp-elements-212d8b56656f6131fceb12a3cfdd2195 wp-block-paragraph\"><strong>Session #1 \u2013<\/strong> <strong>Devenir formateur\u00b7trice&nbsp;: les fondamentaux de l&#8217;animation et de la p\u00e9dagogie<\/strong><br>23, 26, 30 mars, 02, 09, 13, 16, 20 avril et 26 mai 2026<br><strong>Tarif&nbsp;:<\/strong>&nbsp;835.00&nbsp;\u20ac par personne TTC&nbsp;<em>(pour les travailleur\u00b7euse\u00b7s issu\u00b7e\u00b7s<\/em> <em>du secteur public)<\/em><br><strong>Tarif pr\u00e9f\u00e9rentiel&nbsp;:<\/strong>&nbsp;710.00&nbsp;\u20ac par personne TTC&nbsp;<em>(pour les <em>travailleur\u00b7euse\u00b7s issu\u00b7e\u00b7s<\/em> du secteur associatif)<\/em><br><strong>Lieu en pr\u00e9sentiel&nbsp;:&nbsp;<\/strong>1030 Bruxelles<br><strong>Code:<\/strong>&nbsp;03-2026<br><strong>Horaires&nbsp;:<\/strong>&nbsp;Jours 1 &#8211; 8&nbsp;: en pr\u00e9sentiel de 9h30 \u00e0 16h30; jour 9&nbsp;: en distanciel, de 10h \u00e0 12h<br><\/p>\n\n\n\n<p class=\"wp-block-paragraph\"><br><\/p>\n\n\n\n<div class=\"wp-block-buttons is-content-justification-center is-layout-flex wp-container-core-buttons-is-layout-3e41869c wp-block-buttons-is-layout-flex\">\n<div class=\"wp-block-button is-style-outline is-style-outline--1\"><a class=\"wp-block-button__link wp-element-button\" href=\"https:\/\/devs.openbaz.be\/stics\/formations\/formation-detail?formation=1418\" target=\"_blank\" rel=\"noreferrer noopener\">Plus d&#8217;informations<\/a><\/div>\n\n\n\n<div class=\"wp-block-button is-style-outline is-style-outline--2\"><a class=\"wp-block-button__link wp-element-button\" href=\"https:\/\/devs.openbaz.be\/stics\/formations\/formulaire-dinscription\/?formation=1418\" target=\"_blank\" rel=\"noreferrer noopener\">S&#8217;inscrire<\/a><\/div>\n<\/div>\n\n\n\n<p class=\"wp-block-paragraph\"><br><\/p>\n\n\n\n<p class=\"has-white-color has-cyan-bluish-gray-background-color has-text-color has-background has-link-color has-small-font-size wp-elements-44c87822eb146462b7e858ea1c95bcb4 wp-block-paragraph\"><strong>Session #2 \u2013<\/strong> <strong><strong>Devenir formateur\u00b7trice&nbsp;:<\/strong> les fondamentaux de l&#8217;animation et de la p\u00e9dagogie<\/strong><br>17, 21, 24, 28 septembre, 01, 05, 08, 12 octobre et 01 d\u00e9cembre 2026<br><strong>Tarif&nbsp;:<\/strong>&nbsp;835.00&nbsp;\u20ac par personne TTC&nbsp;<em>(pour les <em>travailleur\u00b7euse\u00b7s issu\u00b7e\u00b7s<\/em> du secteur public)<\/em><br><strong>Tarif pr\u00e9f\u00e9rentiel&nbsp;:<\/strong>&nbsp;710.00&nbsp;\u20ac par personne TTC&nbsp;<em>(pour les <em>travailleur\u00b7euse\u00b7s issu\u00b7e\u00b7s<\/em> du secteur associatif)<\/em><br><strong>Lieu en pr\u00e9sentiel&nbsp;:&nbsp;<\/strong>1030 Bruxelles<br><strong>Code:<\/strong>&nbsp;04-2026<br><strong>Horaires&nbsp;:<\/strong>&nbsp;Jours 1 &#8211; 8&nbsp;: en pr\u00e9sentiel de 9h30 \u00e0 16h30&nbsp;; jour 9&nbsp;: en distanciel, de 10h \u00e0 12h<\/p>\n\n\n\n<p class=\"wp-block-paragraph\"><br><\/p>\n\n\n\n<div class=\"wp-block-buttons is-content-justification-center is-layout-flex wp-container-core-buttons-is-layout-3e41869c wp-block-buttons-is-layout-flex\">\n<div class=\"wp-block-button is-style-outline is-style-outline--3\"><a class=\"wp-block-button__link wp-element-button\" href=\"https:\/\/devs.openbaz.be\/stics\/formations\/formation-detail\/?formation=1419\" target=\"_blank\" rel=\"noreferrer noopener\">Plus d&#8217;informations<\/a><\/div>\n\n\n\n<div class=\"wp-block-button is-style-outline is-style-outline--4\"><a class=\"wp-block-button__link wp-element-button\" href=\"https:\/\/devs.openbaz.be\/stics\/formations\/formulaire-dinscription\/?formation=1419\" target=\"_blank\" rel=\"noreferrer noopener\">S&#8217;inscrire<\/a><\/div>\n<\/div>\n\n\n\n<p class=\"wp-block-paragraph\"><br><\/p>\n\n\n\n<p class=\"wp-block-paragraph\">Il se poursuit ensuite \u00e0 votre gr\u00e9 et en fonction de vos choix de renforcement par la poursuite de modules compl\u00e9mentaires. Vous choisissez librement dans notre liste de propositions, trois modules compl\u00e9mentaires pour \u00e9tayer ou d\u00e9velopper vos comp\u00e9tences, dans la liste suivante. Les dates de ces modules varient selon que vous optiez pour la premi\u00e8re ou la seconde session ci-dessus (elles vous seront communiqu\u00e9es prochainement).<\/p>\n\n\n\n<ul class=\"wp-block-list\">\n<li><a href=\"https:\/\/devs.openbaz.be\/stics\/formations\/formation-detail\/?formation=1396\" target=\"_blank\" rel=\"noreferrer noopener\">Prise de parole en public et communication de ses id\u00e9es<\/a> &#8211; 3 jours&nbsp;<\/li>\n\n\n\n<li><a href=\"https:\/\/devs.openbaz.be\/stics\/formations\/formation-detail\/?formation=1436\" target=\"_blank\" rel=\"noreferrer noopener\">Des outils num\u00e9riques pour booster ma formation<\/a> &#8211; Formation \u00e0 distance &#8211; 2 jours&nbsp;<\/li>\n\n\n\n<li><a href=\"https:\/\/devs.openbaz.be\/stics\/formations\/formation-detail\/?formation=1299\" target=\"_blank\" rel=\"noreferrer noopener\">Utiliser Canva pour mieux communiquer<\/a> &#8211; 1 jour<\/li>\n\n\n\n<li><a href=\"https:\/\/devs.openbaz.be\/stics\/formations\/formation-detail\/?formation=1376\" target=\"_blank\" rel=\"noreferrer noopener\">Communication interculturelle \u2013 diversit\u00e9 et inclusion<\/a> &#8211; 2 jours&nbsp;<\/li>\n\n\n\n<li><a href=\"https:\/\/devs.openbaz.be\/stics\/formations\/formation-detail\/?formation=1401\" target=\"_blank\" rel=\"noreferrer noopener\">\u00catre serein\u00b7e lors de prise de parole en public. S\u2019adresser \u00e0 un public avec confiance et s\u00e9r\u00e9nit\u00e9<\/a> &#8211; 2 jours&nbsp;<\/li>\n\n\n\n<li><a href=\"https:\/\/devs.openbaz.be\/stics\/formations\/formation-detail\/?formation=1295\" target=\"_blank\" rel=\"noreferrer noopener\">Outils d\u2019intervention en groupe<\/a> &#8211; 3 jours&nbsp;<\/li>\n\n\n\n<li><a href=\"https:\/\/devs.openbaz.be\/stics\/formations\/formation-detail\/?formation=1438\" target=\"_blank\" rel=\"noreferrer noopener\">Ensemble, cod\u00e9veloppons&nbsp;!<\/a> &#8211; 2 jours<\/li>\n\n\n\n<li><a href=\"https:\/\/devs.openbaz.be\/stics\/formations\/formation-detail\/?formation=1424\" target=\"_blank\" rel=\"noreferrer noopener\">Cr\u00e9er, jouer, apprendre&nbsp;: int\u00e9grer le jeu dans vos formations<\/a>\u00a0&#8211; 3 jours et DIAGNO\u2019Stics<br><br><\/li>\n<\/ul>\n\n\n\n<p class=\"has-vivid-red-color has-text-color has-link-color has-small-font-size wp-elements-85f3c61fc67e2bd3165ba6b4cfc320a3 wp-block-paragraph\">Vous pouvez consulter les descriptifs des modules pour faire votre s\u00e9lection en cliquant sur l&#8217;intitul\u00e9 de chaque formation. Notez toutefois que ces modules compl\u00e9mentaires devront \u00eatre suivis\u00a0en 2026 (les dates reprises sur les pages actuelles concernent uniquement les personnes qui ont suivi la formation g\u00e9n\u00e9rale &#8220;Devenir formateur\u00b7trice&#8221; en 2025), apr\u00e8s la formation \u00ab&nbsp;Devenir formateur\u00b7rice&nbsp;: les fondamentaux de l\u2019animation et de la p\u00e9dagogie&nbsp;\u00bb. La programmation de ces modules pour l\u2019ann\u00e9e 2026 est en cours.<br><br><\/p>\n\n\n\n<p class=\"has-black-color has-text-color has-link-color wp-elements-5ae84e6618decdff81014d511665c438 wp-block-paragraph\"><strong>Au total, vous participez \u00e0 8+6 jours minimum, soit 14 journ\u00e9es de formation&nbsp;<\/strong><\/p>\n\n\n\n<p class=\"wp-block-paragraph\">Certains modules sont organis\u00e9s en mode hybride pour allier la rencontre pr\u00e9sentielle avec le confort d\u2019une formation distancielle.<\/p>\n\n\n\n<h2 class=\"wp-block-heading\">Objectifs p\u00e9dagogiques<\/h2>\n\n\n\n<p class=\"wp-block-paragraph\"><strong>Le module de 8 jours\u202fconstitue le tronc commun, <\/strong>il vous offre les outils essentiels pour devenir un\u00b7e formateur\u00b7rice efficace et inspirant\u00b7e.<\/p>\n\n\n\n<p class=\"wp-block-paragraph\">Explorez les fondamentaux de l&#8217;animation, apprenez \u00e0 concevoir des s\u00e9quences p\u00e9dagogiques engageantes et ma\u00eetrisez les techniques pour g\u00e9rer un groupe dynamique.&nbsp;<\/p>\n\n\n\n<p class=\"wp-block-paragraph\">Gr\u00e2ce \u00e0 des m\u00e9thodes participatives et \u00e0 l\u2019\u00e9change de pratiques, vous d\u00e9veloppez votre confiance et votre cr\u00e9ativit\u00e9 en tant que formateur\u00b7rice.<\/p>\n\n\n\n<p class=\"wp-block-paragraph\">\u00c0 la fin de la formation, vous serez capable de\u202f:&nbsp;<\/p>\n\n\n\n<ul class=\"wp-block-list\">\n<li><strong>Identifier\u202f<\/strong>les r\u00f4les d&#8217;un\u00b7e formateur\u00b7ice, ainsi que les diff\u00e9rents types de supports p\u00e9dagogiques.&nbsp;<\/li>\n<\/ul>\n\n\n\n<ul class=\"wp-block-list\">\n<li><strong>Expliquer<\/strong>\u202fl&#8217;importance des brise-glaces et du contrat informel dans la cr\u00e9ation d&#8217;une dynamique de groupe efficace.&nbsp;<\/li>\n<\/ul>\n\n\n\n<ul class=\"wp-block-list\">\n<li><strong>Appliquer\u202f<\/strong>les concepts de la taxonomie de Bloom pour r\u00e9diger des objectifs p\u00e9dagogiques clairs et mesurables pour un sujet de formation choisi.&nbsp;<\/li>\n<\/ul>\n\n\n\n<ul class=\"wp-block-list\">\n<li><strong>Utiliser<\/strong>\u202fdes techniques d\u2019animation adapt\u00e9es pour g\u00e9rer des comportements difficiles en formation.&nbsp;<\/li>\n<\/ul>\n\n\n\n<ul class=\"wp-block-list\">\n<li><strong>Analyser<\/strong>\u202fdes situations p\u00e9dagogiques \u00e0 l&#8217;aide des paradigmes de Leclercq et identifier des strat\u00e9gies d\u2019animation appropri\u00e9es.&nbsp;<\/li>\n<\/ul>\n\n\n\n<ul class=\"wp-block-list\">\n<li><strong>Comparer\u202f<\/strong>et\u202f<strong>\u00e9valuer<\/strong>\u202fl\u2019efficacit\u00e9 de diff\u00e9rents supports de formation (PowerPoint, Genially, Canva, etc.) en fonction des besoins des apprenant\u00b7es.&nbsp;<\/li>\n<\/ul>\n\n\n\n<ul class=\"wp-block-list\">\n<li><strong>Cr\u00e9er<\/strong>\u202fune s\u00e9quence p\u00e9dagogique int\u00e9grant des objectifs, des m\u00e9thodes d\u2019animation et des supports adapt\u00e9s, en collaboration avec les membres de son sous-groupe.&nbsp;<\/li>\n<\/ul>\n\n\n\n<ul class=\"wp-block-list\">\n<li><strong>\u00c9valuer<\/strong>\u202fl\u2019impact de ses choix p\u00e9dagogiques sur l\u2019engagement et l\u2019apprentissage des participant\u00b7e\u00b7s, et proposer des am\u00e9liorations bas\u00e9es sur des retours d\u2019exp\u00e9rience.&nbsp;<\/li>\n<\/ul>\n\n\n\n<ul class=\"wp-block-list\">\n<li><strong>Animer\u202f<\/strong>de mani\u00e8re autonome une s\u00e9quence courte, en appliquant les enseignements acquis au cours de la formation.<\/li>\n<\/ul>\n\n\n\n<h2 class=\"wp-block-heading\">Tarification<\/h2>\n\n\n\n<p class=\"wp-block-paragraph\">La tarification varie en fonction du nombre d&#8217;heures total de formation et de votre secteur d&#8217;activit\u00e9. Rendez-vous sur la page de pr\u00e9sentation de chaque module s\u00e9lectionn\u00e9 pour plus de d\u00e9tails. Comme pour toutes nos formations programm\u00e9es, le secteur associatif b\u00e9n\u00e9ficie de montants pr\u00e9f\u00e9rentiels.<\/p>\n\n\n\n<h2 class=\"wp-block-heading\">Modalit\u00e9 pratiques\u202f<\/h2>\n\n\n\n<p class=\"wp-block-paragraph\">Vous d\u00e9butez votre parcours en suivant le module du tronc commun programm\u00e9 en 8 jours.&nbsp;<\/p>\n\n\n\n<p class=\"wp-block-paragraph\">Ensuite, vous vous inscrivez \u00e0 votre rythme et selon vos choix aux autres modules compl\u00e9mentaires&nbsp;<\/p>\n\n\n\n<p class=\"wp-block-paragraph\">Vos frais d\u2019inscriptions peuvent \u00eatre r\u00e9partis au fur et \u00e0 mesure de vos choix de modules&nbsp;&nbsp;<\/p>\n\n\n\n<p class=\"wp-block-paragraph\">Un webinaire d\u2019accueil est pr\u00e9vu pour lancer la formation lors duquel vous rencontrer vos formateur\u00b7rice\u00b7s pour \u00e9changer sur votre parcours.&nbsp;<\/p>\n\n\n\n<p class=\"wp-block-paragraph\">Au cours de la formation, vous aurez la possibilit\u00e9 d\u2019\u00e9prouver vos comp\u00e9tences de formateur\u00b7rice par des mises en situation.&nbsp;<\/p>\n\n\n\n<p class=\"wp-block-paragraph\">Un entretien p\u00e9dagogique de cl\u00f4ture est pr\u00e9vu au terme du parcours o\u00f9 vous recevez votre certification.<\/p>\n\n\n\n<p class=\"wp-block-paragraph\">Pour toute question, veuillez nous contacter \u00e0 l&#8217;adresse <a href=\"mailto:stics@stics.be\">stics@stics.be<\/a>.<br>&nbsp;<\/p>","protected":false},"excerpt":{"rendered":"<p>Vous aspirez \u00e0 transmettre vos savoirs avec impact&nbsp;?\u202f&nbsp;Le Stics asbl vous propose une nouvelle formation certificative pour 2026, selon deux calendriers possibles, au printemps et \u00e0 l&#8217;automne. Cette formation vous permettra d\u2019appr\u00e9hender et de renforcer vos comp\u00e9tences pour booster votre position de formateur\u00b7rice&nbsp;: prise de parole, communication, outils d&#8217;intervention, etc. Il s\u2019agit d\u2019un parcours de [&hellip;]<\/p>","protected":false},"author":3,"featured_media":6172,"comment_status":"open","ping_status":"open","sticky":false,"template":"","format":"standard","meta":{"_acf_changed":false,"_seopress_robots_primary_cat":"","_seopress_titles_title":"","_seopress_titles_desc":"","_seopress_robots_index":"","_formation_external_id":"","_formation_date_debut":"","_formation_date_fin":"","_formation_heure_debut":"","_formation_heure_fin":"","_formation_cancelled":"","_formation_youtube":"","_formation_tarif":0,"_formation_info_date":"","_formation_info_diagnostic_oui":"","_formation_nom_formateur":"","_formation_prenom_formateur":"","_formation_nom_formateur2":"","_formation_prenom_formateur2":"","_formation_public":"","_formation_objectif":"","_formation_methodologie":"","_formation_itineraire":"","_formation_tarif_cs":0,"_formation_tarif_preferentiel":0,"_formation_info_diagnostic":"","_formation_localite":"","_formation_id_is_distant":"","_formation_heure_label":"","_formation_reference":"","_formation_presentation":"","_formation_archived":"","footnotes":""},"categories":[188],"tags":[],"class_list":["post-6490","post","type-post","status-publish","format-standard","has-post-thumbnail","hentry","category-news"],"acf":[],"_links":{"self":[{"href":"https:\/\/devs.openbaz.be\/stics\/wp-json\/wp\/v2\/posts\/6490","targetHints":{"allow":["GET"]}}],"collection":[{"href":"https:\/\/devs.openbaz.be\/stics\/wp-json\/wp\/v2\/posts"}],"about":[{"href":"https:\/\/devs.openbaz.be\/stics\/wp-json\/wp\/v2\/types\/post"}],"author":[{"embeddable":true,"href":"https:\/\/devs.openbaz.be\/stics\/wp-json\/wp\/v2\/users\/3"}],"replies":[{"embeddable":true,"href":"https:\/\/devs.openbaz.be\/stics\/wp-json\/wp\/v2\/comments?post=6490"}],"version-history":[{"count":0,"href":"https:\/\/devs.openbaz.be\/stics\/wp-json\/wp\/v2\/posts\/6490\/revisions"}],"wp:featuredmedia":[{"embeddable":true,"href":"https:\/\/devs.openbaz.be\/stics\/wp-json\/wp\/v2\/media\/6172"}],"wp:attachment":[{"href":"https:\/\/devs.openbaz.be\/stics\/wp-json\/wp\/v2\/media?parent=6490"}],"wp:term":[{"taxonomy":"category","embeddable":true,"href":"https:\/\/devs.openbaz.be\/stics\/wp-json\/wp\/v2\/categories?post=6490"},{"taxonomy":"post_tag","embeddable":true,"href":"https:\/\/devs.openbaz.be\/stics\/wp-json\/wp\/v2\/tags?post=6490"}],"curies":[{"name":"wp","href":"https:\/\/api.w.org\/{rel}","templated":true}]}}