{"id":6465,"date":"2025-06-09T13:56:50","date_gmt":"2025-06-09T11:56:50","guid":{"rendered":"https:\/\/devs.openbaz.be\/stics\/?p=6465"},"modified":"2025-06-09T13:56:50","modified_gmt":"2025-06-09T11:56:50","slug":"artsstics-boostez-vos-competences-avant-le-break-estival-participez-a-notre-summer-academy","status":"publish","type":"post","link":"https:\/\/devs.openbaz.be\/stics\/artsstics-boostez-vos-competences-avant-le-break-estival-participez-a-notre-summer-academy\/","title":{"rendered":"ARTS&amp;STICS \u2022\u00a0Boostez vos comp\u00e9tences avant le break estival&nbsp;: participez \u00e0 notre Summer Academy&nbsp;!"},"content":{"rendered":"\n<figure class=\"wp-block-image size-large\"><img alt=\"\" fetchpriority=\"high\" decoding=\"async\" width=\"1024\" height=\"409\" src=\"https:\/\/devs.openbaz.be\/stics\/wp-content\/uploads\/2025\/05\/Capture-decran-2025-05-20-a-00.35.33-1024x409.png\" alt=\"\" class=\"wp-image-6468\" srcset=\"https:\/\/devs.openbaz.be\/stics\/wp-content\/uploads\/2025\/05\/Capture-decran-2025-05-20-a-00.35.33-1024x409.png 1024w, https:\/\/devs.openbaz.be\/stics\/wp-content\/uploads\/2025\/05\/Capture-decran-2025-05-20-a-00.35.33-600x240.png 600w, https:\/\/devs.openbaz.be\/stics\/wp-content\/uploads\/2025\/05\/Capture-decran-2025-05-20-a-00.35.33-300x120.png 300w, https:\/\/devs.openbaz.be\/stics\/wp-content\/uploads\/2025\/05\/Capture-decran-2025-05-20-a-00.35.33-768x307.png 768w, https:\/\/devs.openbaz.be\/stics\/wp-content\/uploads\/2025\/05\/Capture-decran-2025-05-20-a-00.35.33-1536x614.png 1536w, https:\/\/devs.openbaz.be\/stics\/wp-content\/uploads\/2025\/05\/Capture-decran-2025-05-20-a-00.35.33-2048x819.png 2048w\" sizes=\"(max-width: 1024px) 100vw, 1024px\" \/><\/figure>\n\n\n\n<p class=\"has-white-color has-cyan-bluish-gray-background-color has-text-color has-background has-link-color wp-elements-22777a6e3efa0ca11d3350b4fd9e8429 wp-block-paragraph\">3 formations th\u00e9matiques<br>1 apr\u00e8s-midi d\u2019\u00e9tude<br>Du 30.06 au 4.07.2025<br>Lieu&nbsp;: UNESSA ASBL, chauss\u00e9e de Boondael 6, 1050 Ixelles<\/p>\n\n\n\n<p class=\"wp-block-paragraph\">Avant de fermer les dossiers et de d\u00e9connecter pour l\u2019\u00e9t\u00e9, profitez d\u2019une derni\u00e8re semaine studieuse pour vous outiller, clarifier vos id\u00e9es et poser des bases solides pour vos projets socioculturels \u00e0 la rentr\u00e9e&nbsp;? Arts&amp;Publics et le STICS ASBL vous proposent un programme de formations courtes et cibl\u00e9es sur 5 jours, du 30 juin au 4 juillet&nbsp;: enjeux de m\u00e9diation culturelle, lancement et financement de projet, choix de statut, mutualisation des moyens\u2026 Autant de sujets cl\u00e9s pour renforcer vos comp\u00e9tences, professionnaliser vos d\u00e9marches et explorer de nouvelles pistes d\u2019action d\u00e8s l\u2019automne.<\/p>\n\n\n\n<p class=\"wp-block-paragraph\">Possibilit\u00e9 de s\u2019inscrire \u00e0 la carte \u00e0 une ou plusieurs journ\u00e9es de formation ou uniquement \u00e0 l\u2019apr\u00e8s-midi d\u2019\u00e9tude.<\/p>\n\n\n\n<p class=\"has-rouge-color has-text-color has-link-color wp-elements-a37143a798ecdca407a6a716f2c3590a wp-block-paragraph\"><a href=\"https:\/\/devs.openbaz.be\/stics\/formations\/formulaire-dinscription\/?formation=1426\" target=\"_blank\" rel=\"noreferrer noopener\">Inscrivez-vous \u00e0 la semaine compl\u00e8te<\/a> et profitez d\u2019une r\u00e9duction exceptionnelle\u00a0: 400&nbsp;\u20ac TTC au lieu de 520&nbsp;\u20ac TTC (soit une r\u00e9duction de pr\u00e8s de 25%).<br><br><\/p>\n\n\n\n<div class=\"wp-block-buttons is-content-justification-center is-layout-flex wp-container-core-buttons-is-layout-3e41869c wp-block-buttons-is-layout-flex\">\n<div class=\"wp-block-button has-custom-width wp-block-button__width-50 is-style-outline is-style-outline--1\"><a class=\"wp-block-button__link wp-element-button\" href=\"https:\/\/devs.openbaz.be\/stics\/formations\/formulaire-dinscription\/?formation=1426\" target=\"_blank\" rel=\"noreferrer noopener\">S&#8217;inscrire au programme complet<\/a><\/div>\n<\/div>\n\n\n\n<p class=\"wp-block-paragraph\"><br><\/p>\n\n\n\n<hr class=\"wp-block-separator has-alpha-channel-opacity\"\/>\n\n\n\n<p class=\"has-black-color has-text-color has-link-color wp-elements-bfc48396da44d453b2bbcea4e9c928aa wp-block-paragraph\"><br><\/p>\n\n\n\n<p class=\"has-black-color has-text-color has-link-color wp-elements-82616c07822e1e06979d85f833de29b3 wp-block-paragraph\"><strong>FORMATION \u00ab&nbsp;M\u00e9diation Culturelle&nbsp;: Num\u00e9rique &amp; nouveaux usages&nbsp;\u00bb<br>DELPHINE JENART<br><\/strong>30.06 et 04.07 &#8211; 9h30 \u2013 17h \u2013 Prix&nbsp;: 260,00&nbsp;\u20ac TTC<\/p>\n\n\n\n<p class=\"wp-block-paragraph\">La m\u00e9diation culturelle conna\u00eet une profonde transformation \u00e0 l\u2019\u00e8re des transitions \u00e9cologiques, sociales et num\u00e9riques. Ce module de deux jours propose d\u2019explorer comment l\u2019innovation digitale renouvelle les pratiques de m\u00e9diation, en offrant de nouveaux outils, formats et modes de relation avec les publics. Il s\u2019adresse aux professionnel\u00b7le\u00b7s du secteur culturel et associatif d\u00e9sireux d\u2019int\u00e9grer le num\u00e9rique dans leurs d\u00e9marches et de repenser la place de la m\u00e9diation dans une soci\u00e9t\u00e9 en mutation.<\/p>\n\n\n\n<div class=\"wp-block-buttons has-custom-font-size has-small-font-size is-content-justification-left is-layout-flex wp-container-core-buttons-is-layout-b192c3d7 wp-block-buttons-is-layout-flex\">\n<div class=\"wp-block-button is-style-outline is-style-outline--2\"><a class=\"wp-block-button__link wp-element-button\" href=\"https:\/\/artsetpublics.be\/wp-content\/uploads\/2025\/05\/19-Label-Arts-Stics-FORMATION-Mediation-Culturelle.pdf\" target=\"_blank\" rel=\"noreferrer noopener\">En savoir +<\/a><\/div>\n\n\n\n<div class=\"wp-block-button is-style-outline is-style-outline--3\"><a class=\"wp-block-button__link wp-element-button\" href=\"https:\/\/devs.openbaz.be\/stics\/formations\/formulaire-dinscription\/?formation=1428\" target=\"_blank\" rel=\"noreferrer noopener\">S&#8217;inscrire \u00e0 ce module<\/a><\/div>\n<\/div>\n\n\n\n<p class=\"has-black-color has-text-color has-link-color wp-elements-cd5de1e3bb7ab5461356bbd46292c1d3 wp-block-paragraph\"><br><strong>FORMATION \u00ab&nbsp;Financer son activit\u00e9 culturelle&nbsp;: l\u2019art de chiffrer ses id\u00e9es&nbsp;\u00bb<\/strong><br><strong>THOMAS VERCRUYSSE<\/strong><br>01.07 \u2013 9h30 \u2013 17h \u2013 Prix\u00a0: 130,00 TTC<\/p>\n\n\n\n<p class=\"wp-block-paragraph\">Le financement des activit\u00e9s artistiques et culturelles peut se r\u00e9aliser de plusieurs mani\u00e8res. Les sources peuvent \u00eatre publiques ou priv\u00e9es. Bien souvent, les bailleurs de fonds demandent un budget dimensionn\u00e9 correctement. La traduction de mon projet dans ces cadres impos\u00e9s peut s\u2019av\u00e9rer compliqu\u00e9e. Comment organiser les informations&nbsp;? Comment traduire mes activit\u00e9s en recettes et en d\u00e9penses&nbsp;? Comment obtenir le financement de mon projet&nbsp;? En une journ\u00e9e de formation, apprenez \u00e0 structurer, chiffrer et pr\u00e9senter efficacement votre projet artistique ou culturel pour en maximiser le financement. Cette formation vous donne les cl\u00e9s pour construire un budget clair et convaincant, adapt\u00e9 aux attentes des bailleurs de fonds.<\/p>\n\n\n\n<div class=\"wp-block-buttons has-custom-font-size has-small-font-size is-content-justification-left is-layout-flex wp-container-core-buttons-is-layout-b192c3d7 wp-block-buttons-is-layout-flex\">\n<div class=\"wp-block-button is-style-outline is-style-outline--4\"><a class=\"wp-block-button__link wp-element-button\" href=\"https:\/\/artsetpublics.be\/wp-content\/uploads\/2025\/05\/20-Label-Arts-Stics-FORMATION-Financement-des-activites-culturelles.pdf\" target=\"_blank\" rel=\"noreferrer noopener\">En savoir +<\/a><\/div>\n\n\n\n<div class=\"wp-block-button is-style-outline is-style-outline--5\"><a class=\"wp-block-button__link wp-element-button\" href=\"https:\/\/devs.openbaz.be\/stics\/f00ormations\/formulaire-dinscription\/?formation=1430\" target=\"_blank\" rel=\"noreferrer noopener\">S&#8217;inscrire \u00e0 ce module<\/a><\/div>\n<\/div>\n\n\n\n<p class=\"has-black-color has-text-color has-link-color wp-elements-88f4cb52f1e50328bace3dbb0e72a570 wp-block-paragraph\"><br><br><br><strong>APR\u00c8S-MIDI D&#8217;\u00c9TUDE<\/strong> <strong>\u00ab\u00a0La mutualisation dans le secteur socioculturel\u00a0\u00bb<\/strong><br>KARINE BOUSSART<strong><br><\/strong>02.07 \u2013 14h-17h \u2013 Gratuit \u2013 Suivi d\u2019un verre de l\u2019amiti\u00e9 de 17h \u00e0 19h<\/p>\n\n\n\n<p class=\"wp-block-paragraph\">Face \u00e0 la hausse des co\u00fbts et \u00e0 la diminution des moyens, le secteur non marchand bruxellois se tourne de plus en plus vers la mutualisation&nbsp;: une strat\u00e9gie de coop\u00e9ration entre structures permettant de partager ressources mat\u00e9rielles, humaines et financi\u00e8res, qui donnent des r\u00e9sultats encourageants.<\/p>\n\n\n\n<p class=\"wp-block-paragraph\">Dans le dernier num\u00e9ro de son trimestriel PAUV\u00e9RIT\u00e9, sign\u00e9 Karine Boussart et Matthias Rosenzweig, tous deux charg\u00e9\u00b7e\u00b7s de recherche au CBCS, le Forum Bruxelles contre les in\u00e9galit\u00e9s explore diverses formes de mutualisation d\u00e9j\u00e0 mises en pratique \u00e0 Bruxelles, mettant en lumi\u00e8re les enjeux et les opportunit\u00e9s de cette approche. En s&#8217;appuyant sur des exemples concrets, il propose des recommandations pour aider les organisations \u00e0 mettre en \u0153uvre des projets de mutualisation efficaces. Lors de notre apr\u00e8s-midi d&#8217;\u00e9tude, nous aborderons ces pistes de r\u00e9flexion et verrons comment les appliquer au secteur socioculturel.<\/p>\n\n\n\n<div class=\"wp-block-buttons has-custom-font-size has-small-font-size is-content-justification-left is-layout-flex wp-container-core-buttons-is-layout-b192c3d7 wp-block-buttons-is-layout-flex\">\n<div class=\"wp-block-button is-style-outline is-style-outline--6\"><a class=\"wp-block-button__link wp-element-button\" href=\"https:\/\/www.le-forum.org\/uploads\/PAUV%C3%A9RIT%C3%A9%2045.pdf\" target=\"_blank\" rel=\"noreferrer noopener\">Lire le rapport<\/a><\/div>\n\n\n\n<div class=\"wp-block-button is-style-outline is-style-outline--7\"><a class=\"wp-block-button__link wp-element-button\" href=\"https:\/\/devs.openbaz.be\/stics\/formations\/formulaire-dinscription\/?formation=1432\" target=\"_blank\" rel=\"noreferrer noopener\">S&#8217;inscrire \u00e0 ce module<\/a><\/div>\n<\/div>\n\n\n\n<p class=\"has-black-color has-text-color has-link-color wp-elements-d66740f91c0478469d68e117599ee1bc wp-block-paragraph\"><br><br><br><strong>FORMATION \u00ab\u00a0Lancer son activit\u00e9 culturelle&nbsp;: structurer son projet et choisir son statut&nbsp;\u00bb<br>SAMUEL DESGUIN<br><\/strong>03.07 &#8211; 9h30 \u2013 17h \u2013 Prix\u00a0: 130&nbsp;\u20ac TTC<\/p>\n\n\n\n<p class=\"wp-block-paragraph\">Cette formation vise \u00e0 fournir des rep\u00e8res concrets et op\u00e9rationnels aux artistes et cr\u00e9ateur\u00b7trice\u00b7s en tous genres pour structurer leur projet entrepreneurial et s\u2019orienter parmi les diff\u00e9rents statuts existants en Belgique.<\/p>\n\n\n\n<p class=\"wp-block-paragraph\">Comment structurer un projet artistique ou cr\u00e9atif de mani\u00e8re professionnelle&nbsp;? Quel statut choisir pour lancer son activit\u00e9&nbsp;? Quels sont les risques, droits, devoirs, et dispositifs d\u2019accompagnement disponibles&nbsp;? Comment fixer mes prix et \u00e9valuer mes co\u00fbts&nbsp;et revenus&nbsp;? Tout au long de cette journ\u00e9e, nous apporterons des r\u00e9ponses \u00e0 ces questions essentielles de fa\u00e7on interactive et pratique.<\/p>\n\n\n\n<div class=\"wp-block-buttons has-custom-font-size has-small-font-size is-content-justification-left is-layout-flex wp-container-core-buttons-is-layout-b192c3d7 wp-block-buttons-is-layout-flex\">\n<div class=\"wp-block-button is-style-outline is-style-outline--8\"><a class=\"wp-block-button__link wp-element-button\" href=\"https:\/\/artsetpublics.be\/wp-content\/uploads\/2025\/05\/21-Label-Arts-Stics-FORMATION-Lancer-son-activite-culturelle.pdf\" target=\"_blank\" rel=\"noreferrer noopener\">En savoir +<\/a><\/div>\n\n\n\n<div class=\"wp-block-button is-style-outline is-style-outline--9\"><a class=\"wp-block-button__link wp-element-button\" href=\"https:\/\/devs.openbaz.be\/stics\/formations\/formulaire-dinscription\/?formation=1431\" target=\"_blank\" rel=\"noreferrer noopener\">S&#8217;inscrire \u00e0 ce module<\/a><\/div>\n<\/div>\n\n\n\n<p class=\"wp-block-paragraph\"><br><br><\/p>\n\n\n\n<hr class=\"wp-block-separator has-alpha-channel-opacity\"\/>\n\n\n\n<p class=\"wp-block-paragraph\"><br><\/p>\n\n\n\n<div class=\"wp-block-buttons is-content-justification-center is-layout-flex wp-container-core-buttons-is-layout-3e41869c wp-block-buttons-is-layout-flex\">\n<div class=\"wp-block-button has-custom-width wp-block-button__width-50 is-style-outline is-style-outline--10\"><a class=\"wp-block-button__link wp-element-button\" href=\"https:\/\/devs.openbaz.be\/stics\/formations\/formulaire-dinscription\/?formation=1426\" target=\"_blank\" rel=\"noreferrer noopener\">S&#8217;inscrire au programme complet<\/a><\/div>\n<\/div>\n\n\n\n<p class=\"wp-block-paragraph\"><br><\/p>\n\n\n\n<h2 class=\"wp-block-heading\">Contact et infos<\/h2>\n\n\n\n<p class=\"wp-block-paragraph\">Pour en savoir sur toutes nos formations ARTS&amp;STICS,&nbsp;<a href=\"https:\/\/artsetpublics.be\/programmes\/label-arts-et-stics\/\" target=\"_blank\" rel=\"noreferrer noopener\">consultez la page du programme<\/a>.<\/p>\n\n\n\n<p class=\"wp-block-paragraph\">Pour toute question ou demande de renseignement concernant l&#8217;inscription, contactez&nbsp;:<\/p>\n\n\n\n<p class=\"wp-block-paragraph\"><strong>STICS asbl \u2013 Service pour la Transformation, l\u2019Innovation et le Changement Social<\/strong><br>Boulevard Lambermont 32<br>1030 Schaerbeek<br>Belgique<br>e&nbsp;:&nbsp;<a rel=\"noreferrer noopener\" href=\"http:\/\/stics@stics.be\/\" target=\"_blank\">stics@stics.be<\/a><br>t&nbsp;:&nbsp;+32 2&nbsp;414 23 04<br><a rel=\"noreferrer noopener\" href=\"https:\/\/devs.openbaz.be\/stics\/\" target=\"_blank\">www.stics.be<\/a><\/p>\n\n\n\n<p class=\"wp-block-paragraph\">Pour toute question ou demande de renseignement compl\u00e9mentaire concernant les modules de formation, contactez&nbsp;:<\/p>\n\n\n\n<p class=\"wp-block-paragraph\"><strong>Arts&amp;Publics asbl<\/strong><br>Chauss\u00e9e de Boondael 6 bte 9<br>1050 Bruxelles<br>e&nbsp;:&nbsp;<a href=\"mailto:info@artsetpublics.be\" target=\"_blank\" rel=\"noreferrer noopener\">info@artsetpublics.be<\/a><br>t&nbsp;: +32 477 44 33 90<br><br><\/p>\n\n\n\n<hr class=\"wp-block-separator has-alpha-channel-opacity\"\/>\n\n\n\n<p class=\"has-text-align-center wp-block-paragraph\"><br><em>Le programme Arts&amp;STICS est une initiative commune entre l\u2019asbl Arts&amp;Publics et l\u2019asbl STICS.<\/em><br><br><\/p>\n\n\n\n<figure class=\"wp-block-image size-large\"><a href=\"https:\/\/artsetpublics.be\/nos-soutiens-publics-et-prives\/\" target=\"_blank\" rel=\"noreferrer noopener\"><img alt=\"\" decoding=\"async\" src=\"https:\/\/artsetpublics.be\/wp-content\/uploads\/2023\/08\/64b7d2b57401e3478a44eb4b-1024x109.png\" alt=\"\" class=\"wp-image-36920\"\/><\/a><\/figure>","protected":false},"excerpt":{"rendered":"<p>3 formations th\u00e9matiques1 apr\u00e8s-midi d\u2019\u00e9tudeDu 30.06 au 4.07.2025Lieu&nbsp;: UNESSA ASBL, chauss\u00e9e de Boondael 6, 1050 Ixelles Avant de fermer les dossiers et de d\u00e9connecter pour l\u2019\u00e9t\u00e9, profitez d\u2019une derni\u00e8re semaine studieuse pour vous outiller, clarifier vos id\u00e9es et poser des bases solides pour vos projets socioculturels \u00e0 la rentr\u00e9e&nbsp;? Arts&amp;Publics et le STICS ASBL vous [&hellip;]<\/p>","protected":false},"author":3,"featured_media":6486,"comment_status":"open","ping_status":"open","sticky":false,"template":"","format":"standard","meta":{"_acf_changed":false,"_seopress_robots_primary_cat":"","_seopress_titles_title":"","_seopress_titles_desc":"","_seopress_robots_index":"","_formation_external_id":"","_formation_date_debut":"","_formation_date_fin":"","_formation_heure_debut":"","_formation_heure_fin":"","_formation_cancelled":"","_formation_youtube":"","_formation_tarif":0,"_formation_info_date":"","_formation_info_diagnostic_oui":"","_formation_nom_formateur":"","_formation_prenom_formateur":"","_formation_nom_formateur2":"","_formation_prenom_formateur2":"","_formation_public":"","_formation_objectif":"","_formation_methodologie":"","_formation_itineraire":"","_formation_tarif_cs":0,"_formation_tarif_preferentiel":0,"_formation_info_diagnostic":"","_formation_localite":"","_formation_id_is_distant":"","_formation_heure_label":"","_formation_reference":"","_formation_presentation":"","_formation_archived":"","footnotes":""},"categories":[188],"tags":[],"class_list":["post-6465","post","type-post","status-publish","format-standard","has-post-thumbnail","hentry","category-news"],"acf":[],"_links":{"self":[{"href":"https:\/\/devs.openbaz.be\/stics\/wp-json\/wp\/v2\/posts\/6465","targetHints":{"allow":["GET"]}}],"collection":[{"href":"https:\/\/devs.openbaz.be\/stics\/wp-json\/wp\/v2\/posts"}],"about":[{"href":"https:\/\/devs.openbaz.be\/stics\/wp-json\/wp\/v2\/types\/post"}],"author":[{"embeddable":true,"href":"https:\/\/devs.openbaz.be\/stics\/wp-json\/wp\/v2\/users\/3"}],"replies":[{"embeddable":true,"href":"https:\/\/devs.openbaz.be\/stics\/wp-json\/wp\/v2\/comments?post=6465"}],"version-history":[{"count":0,"href":"https:\/\/devs.openbaz.be\/stics\/wp-json\/wp\/v2\/posts\/6465\/revisions"}],"wp:featuredmedia":[{"embeddable":true,"href":"https:\/\/devs.openbaz.be\/stics\/wp-json\/wp\/v2\/media\/6486"}],"wp:attachment":[{"href":"https:\/\/devs.openbaz.be\/stics\/wp-json\/wp\/v2\/media?parent=6465"}],"wp:term":[{"taxonomy":"category","embeddable":true,"href":"https:\/\/devs.openbaz.be\/stics\/wp-json\/wp\/v2\/categories?post=6465"},{"taxonomy":"post_tag","embeddable":true,"href":"https:\/\/devs.openbaz.be\/stics\/wp-json\/wp\/v2\/tags?post=6465"}],"curies":[{"name":"wp","href":"https:\/\/api.w.org\/{rel}","templated":true}]}}