{"id":6442,"date":"2025-05-16T10:25:54","date_gmt":"2025-05-16T08:25:54","guid":{"rendered":"https:\/\/devs.openbaz.be\/stics\/?p=6442"},"modified":"2025-05-16T10:25:54","modified_gmt":"2025-05-16T08:25:54","slug":"formation-artsinsertion-2025-les-candidatures-sont-ouvertes","status":"publish","type":"post","link":"https:\/\/devs.openbaz.be\/stics\/formation-artsinsertion-2025-les-candidatures-sont-ouvertes\/","title":{"rendered":"Formation Arts&amp;Insertion 2025&nbsp;: les candidatures sont ouvertes"},"content":{"rendered":"\n<p class=\"wp-block-paragraph\">Pour la 9e ann\u00e9e cons\u00e9cutive, nos partenaires de l&#8217;Arts&amp;Publics ouvre un cycle de formation gratuit afin d\u2019accompagner artistes et animateurs dans leur d\u00e9marche d\u2019insertion socioprofessionnelle (ISP).<\/p>\n\n\n\n<p class=\"wp-block-paragraph\">Pens\u00e9e pour r\u00e9pondre aux mutations du secteur socioculturel, la <a href=\"https:\/\/artsetpublics.be\/programmes\/artsinsertion\/\" target=\"_blank\" rel=\"noreferrer noopener\">formation Arts&amp;Insertion<\/a> allie m\u00e9diation culturelle, production artistique et pratiques num\u00e9riques et vid\u00e9oludiques \u00e0 vocation p\u00e9dagogique, dans un parcours modulaire et personnalisable.<\/p>\n\n\n\n<p class=\"wp-block-paragraph\">Destin\u00e9e aux demandeur\u00b7euse\u00b7s d\u2019emploi et\/ou b\u00e9n\u00e9ficiaires du CPAS en R\u00e9gion bruxelloise, elle vise \u00e0 outiller les participant\u00b7e\u00b7s pour construire un projet professionnel durable dans le secteur artistique et socioculturel.<br><br>\u00c0 la cl\u00e9&nbsp;: un accompagnement concret, un <a href=\"https:\/\/artsetpublics.be\/actualites\/la-criee-le-rendez-vous-networking-de-nos-formations-bamba-champs-et-mediacraft\/\" target=\"_blank\" rel=\"noreferrer noopener\">\u00e9v\u00e9nement final de networking (La CRI\u00c9E)<\/a> et la possibilit\u00e9 d\u2019un contrat Article 60 au sein d\u2019Arts&amp;Publics (sous certaines conditions).<\/p>\n\n\n\n<h2 class=\"wp-block-heading\">Les \u00e9tapes pour postuler<\/h2>\n\n\n\n<ol class=\"wp-block-list\">\n<li>V\u00e9rifiez les conditions d\u2019\u00e9ligibilit\u00e9&nbsp;:<br>\n<ul class=\"wp-block-list\">\n<li>\u00eatre b\u00e9n\u00e9ficiaire du CPAS et\/ou demandeur\u00b7euse d\u2019emploi inscrit\u00b7e \u00e0 Actiris (R\u00e9gion de Bruxelles-Capitale)&nbsp;;<\/li>\n\n\n\n<li>\u00eatre disponible du 1er septembre au 14 novembre 2025, du lundi au vendredi, de 10h \u00e0 18h.<br><\/li>\n<\/ul>\n<\/li>\n\n\n\n<li><a href=\"https:\/\/docs.google.com\/forms\/d\/e\/1FAIpQLScV8H4JaZXMZSnPIOwVTY7xo1OPfh3wZQbRjDN96UB5DAXaVw\/viewform?pli=1\" target=\"_blank\" rel=\"noreferrer noopener\">Inscrivez-vous \u00e0 l\u2019une de nos s\u00e9ances d\u2019info obligatoire<\/a>, dans leurs locaux situ\u00e9s chauss\u00e9e de Boondael 6 \u00e0 1050 Ixelles (la prochaine s\u00e9ance aura lieu le 11\/06 \u00e0 13h en visioconf\u00e9rence &#8211; la s\u00e9ance du 3.06 est d&#8217;ores et d\u00e9j\u00e0 compl\u00e8te).<br><\/li>\n\n\n\n<li>Remplissez le formulaire de candidature qui vous sera transmis apr\u00e8s la s\u00e9ance d\u2019information.&nbsp;<strong>La date limite pour le d\u00e9p\u00f4t des dossiers est fix\u00e9e au 15.06.2025.<\/strong> Le d\u00e9p\u00f4t de votre candidature comme la participation \u00e0 la formation sont enti\u00e8rement gratuits.<br><\/li>\n\n\n\n<li>Participez \u00e0 un entretien individuel avec l\u2019\u00e9quipe d\u2019encadrement (date \u00e0 fixer ensemble apr\u00e8s inscription).<\/li>\n<\/ol>\n\n\n\n<p class=\"wp-block-paragraph\">Retrouvez tous les d\u00e9tails <a href=\"https:\/\/artsetpublics.be\/offres\/formation-arts-et-insertion-2025-appel-a-candidatures\/\" target=\"_blank\" rel=\"noreferrer noopener\">sur la page de l\u2019appel \u00e0 candidatures<\/a>.<br><br>Des questions&nbsp;? Contactez Arts&amp;Publics \u00e0 l\u2019adresse <a class=\"\">formation@artsetpublics.be<\/a> ou par t\u00e9l\u00e9phone au +32 (0)2 217 11 60.<\/p>\n\n\n\n<h2 class=\"wp-block-heading\">Si votre candidature est retenue\u2026<\/h2>\n\n\n\n<p class=\"wp-block-paragraph\">Disponibilit\u00e9 requise&nbsp;: du 1er septembre au 14 novembre 2025<\/p>\n\n\n\n<p class=\"wp-block-paragraph\">De septembre \u00e0 mi-novembre, vous suivez une formation de 11 semaines (5 jours par semaine, de 10h \u00e0 18h) afin suivre un programme de modules th\u00e9matiques, associant un tronc commun et, au choix, des modules sp\u00e9cialis\u00e9s optionnels en m\u00e9diation culturelle, production artistique et m\u00e9diation culturelle num\u00e9rique, \u00e0 partir desquels imaginer et construire un projet professionnel global.<\/p>\n\n\n\n<p class=\"wp-block-paragraph\">Vous serez \u00e9galement amen\u00e9\u00b7e \u00e0 prendre part \u00e0 une s\u00e9rie de rencontres et de visites professionnelles, dont le point d\u2019orgue sera La CRI\u00c9E.<\/p>\n\n\n\n<p class=\"wp-block-paragraph\">Au terme de votre formation, si votre projet entre en ad\u00e9quation avec nos missions, avec l\u2019accord de votre CPAS, vous pourrez pr\u00e9tendre \u00e0 un contrat de travail (CDD Article 60) pour r\u00e9aliser votre projet au sein de l&#8217;ASBL pendant un \u00e0 deux ans. L\u2019acc\u00e8s \u00e9ventuel \u00e0 ce contrat d\u00e9pendra essentiellement de l\u2019\u00e9valuation par notre \u00e9quipe de votre projet professionnel par rapport \u00e0 sa faisabilit\u00e9 par rapport aux missions de notre ASBL. Il d\u00e9pendra aussi du nombre de candidates et de l\u2019accord de votre CPAS.<br><br><\/p>\n\n\n\n<hr class=\"wp-block-separator has-alpha-channel-opacity\"\/>\n\n\n\n<p class=\"has-text-align-center has-small-font-size wp-block-paragraph\"><em>Le programme Arts&amp;Insertion est soutenu par le Fonds social europ\u00e9en (FSE), le Digital Belgium Skills Fund&nbsp;(DBSF), la R\u00e9gion de Bruxelles-Capitale, Actiris, la Ville de Bruxelles, la commune d\u2019Ixelles et le CPAS d\u2019Ixelles.<\/em><\/p>\n\n\n\n<p class=\"wp-block-paragraph\"><\/p>","protected":false},"excerpt":{"rendered":"<p>Pour la 9e ann\u00e9e cons\u00e9cutive, nos partenaires de l&#8217;Arts&amp;Publics ouvre un cycle de formation gratuit afin d\u2019accompagner artistes et animateurs dans leur d\u00e9marche d\u2019insertion socioprofessionnelle (ISP). Pens\u00e9e pour r\u00e9pondre aux mutations du secteur socioculturel, la formation Arts&amp;Insertion allie m\u00e9diation culturelle, production artistique et pratiques num\u00e9riques et vid\u00e9oludiques \u00e0 vocation p\u00e9dagogique, dans un parcours modulaire et [&hellip;]<\/p>","protected":false},"author":3,"featured_media":6449,"comment_status":"open","ping_status":"open","sticky":false,"template":"","format":"standard","meta":{"_acf_changed":false,"_seopress_robots_primary_cat":"","_seopress_titles_title":"","_seopress_titles_desc":"","_seopress_robots_index":"","_formation_external_id":"","_formation_date_debut":"","_formation_date_fin":"","_formation_heure_debut":"","_formation_heure_fin":"","_formation_cancelled":"","_formation_youtube":"","_formation_tarif":0,"_formation_info_date":"","_formation_info_diagnostic_oui":"","_formation_nom_formateur":"","_formation_prenom_formateur":"","_formation_nom_formateur2":"","_formation_prenom_formateur2":"","_formation_public":"","_formation_objectif":"","_formation_methodologie":"","_formation_itineraire":"","_formation_tarif_cs":0,"_formation_tarif_preferentiel":0,"_formation_info_diagnostic":"","_formation_localite":"","_formation_id_is_distant":"","_formation_heure_label":"","_formation_reference":"","_formation_presentation":"","_formation_archived":"","footnotes":""},"categories":[188],"tags":[],"class_list":["post-6442","post","type-post","status-publish","format-standard","has-post-thumbnail","hentry","category-news"],"acf":[],"_links":{"self":[{"href":"https:\/\/devs.openbaz.be\/stics\/wp-json\/wp\/v2\/posts\/6442","targetHints":{"allow":["GET"]}}],"collection":[{"href":"https:\/\/devs.openbaz.be\/stics\/wp-json\/wp\/v2\/posts"}],"about":[{"href":"https:\/\/devs.openbaz.be\/stics\/wp-json\/wp\/v2\/types\/post"}],"author":[{"embeddable":true,"href":"https:\/\/devs.openbaz.be\/stics\/wp-json\/wp\/v2\/users\/3"}],"replies":[{"embeddable":true,"href":"https:\/\/devs.openbaz.be\/stics\/wp-json\/wp\/v2\/comments?post=6442"}],"version-history":[{"count":0,"href":"https:\/\/devs.openbaz.be\/stics\/wp-json\/wp\/v2\/posts\/6442\/revisions"}],"wp:featuredmedia":[{"embeddable":true,"href":"https:\/\/devs.openbaz.be\/stics\/wp-json\/wp\/v2\/media\/6449"}],"wp:attachment":[{"href":"https:\/\/devs.openbaz.be\/stics\/wp-json\/wp\/v2\/media?parent=6442"}],"wp:term":[{"taxonomy":"category","embeddable":true,"href":"https:\/\/devs.openbaz.be\/stics\/wp-json\/wp\/v2\/categories?post=6442"},{"taxonomy":"post_tag","embeddable":true,"href":"https:\/\/devs.openbaz.be\/stics\/wp-json\/wp\/v2\/tags?post=6442"}],"curies":[{"name":"wp","href":"https:\/\/api.w.org\/{rel}","templated":true}]}}