{"id":6269,"date":"2025-03-25T12:53:27","date_gmt":"2025-03-25T11:53:27","guid":{"rendered":"https:\/\/devs.openbaz.be\/stics\/?p=6269"},"modified":"2025-03-25T12:53:27","modified_gmt":"2025-03-25T11:53:27","slug":"lassociatif-et-la-culture-enjeux-democratiques-essentiels","status":"publish","type":"post","link":"https:\/\/devs.openbaz.be\/stics\/lassociatif-et-la-culture-enjeux-democratiques-essentiels\/","title":{"rendered":"L\u2019associatif et la culture, enjeux d\u00e9mocratiques essentiels"},"content":{"rendered":"\n<p class=\"wp-block-paragraph\">Le moment politique est p\u00e9rilleux pour les sph\u00e8res \u00e9chappant encore \u00e0 l\u2019emprise du march\u00e9. Les prises de position m\u00e9diatiques et les attaques politiques contre l\u2019associatif en g\u00e9n\u00e9ral et la culture en particulier fusent, sur fond d\u2019invectives et de d\u00e9sinformation. Face \u00e0 cette offensive coordonn\u00e9e, la <strong>F<\/strong>\u00e9d\u00e9ration des\u00a0<strong>E<\/strong>mployeurs des\u00a0<strong>S<\/strong>ecteurs de l&#8217;<strong>\u00c9<\/strong>ducation permanente et de la\u00a0<strong>F<\/strong>ormation des\u00a0<strong>A<\/strong>dultes (FESEFA) ne veut pas rester inactive.<\/p>\n\n\n\n<p class=\"wp-block-paragraph\">Ainsi, notre F\u00e9d\u00e9ration avait pris l\u2019initiative d\u2019une carte blanche \u00ab&nbsp;<a href=\"https:\/\/www.lalibre.be\/debats\/opinions\/2025\/02\/24\/la-culture-un-rempart-democratique-necessaire-contre-les-regimes-autoritaires-OP5WGQ3LUJHSDDQEZMFLXZ65QU\/\" target=\"_blank\" rel=\"noreferrer noopener\">La culture, un rempart d\u00e9mocratique n\u00e9cessaire contre les r\u00e9gimes autoritaires<\/a>&nbsp;\u00bb, rejointe par de nombreuses associations et personnalit\u00e9s du monde culturel, publi\u00e9e dans&nbsp;<em>La Libre<\/em>. Cette action avait \u00e9t\u00e9 salu\u00e9e et partag\u00e9e, m\u00eame par des membres de l\u2019actuelle majorit\u00e9 politique en F\u00e9d\u00e9ration Wallonie-Bruxelles.<\/p>\n\n\n\n<p class=\"wp-block-paragraph\">Ce 21 mars, c\u2019est&nbsp;<a href=\"https:\/\/www.levif.be\/belgique\/politique\/culture-et-politique-pourquoi-georges-louis-bouchez-irrite-le-secteur\/\" target=\"_blank\" rel=\"noreferrer noopener\">dans les colonnes du&nbsp;<em>Vif<\/em><\/a>&nbsp;que Farah Isma\u00efli r\u00e9it\u00e9rait ses inqui\u00e9tudes face \u00e0 certaines volont\u00e9s politiques de \u00ab&nbsp;faire taire certaines voix et certaines id\u00e9es, certaines expressions de contestation, certaines propositions de transformation sociale&nbsp;\u00bb, en pla\u00e7ant ce tropisme dans une tendance mondiale. En outre, elle identifie le risque que ce genre de discours fasse percoler dans l\u2019opinion publique \u00ab&nbsp;l\u2019id\u00e9e que ce n\u2019est pas au citoyen de financer ce qui n\u2019est pas consid\u00e9r\u00e9 comme rentable. L\u00e0, on se trouve dans une logique de rentabilit\u00e9 et de profit, sans tenir compte de valeurs telles que la coh\u00e9sion sociale et l\u2019\u00e9mancipation. Or, ce n\u2019est pas l\u2019esprit dans lequel se sont d\u00e9velopp\u00e9es les politiques culturelles en Belgique francophone.&nbsp;\u00bb<\/p>\n\n\n\n<p class=\"wp-block-paragraph\">Ce combat de la FESEFA pour la pr\u00e9servation de notre mod\u00e8le culturel rejoint celui, de longue date, pour la d\u00e9fense du fait associatif. En effet, aux choix politiques d\u00e9l\u00e9t\u00e8res op\u00e9r\u00e9s en Wallonie s\u2019ajoutent les diff\u00e9rentes mesures du gouvernement Arizona, qui menacent l\u2019existence m\u00eame du secteur associatif et caritatif&nbsp;: suppression des subventions facultatives r\u00e9pondant \u00e0 des besoins structurels, gel voire suppression pure et simple de l\u2019indexation des subventions de plusieurs dispositifs r\u00e9glementaires, baisses de financement atteignant jusqu\u2019\u00e0 25&nbsp;% dans certains secteurs, r\u00e9duction de la d\u00e9ductibilit\u00e9 fiscale des dons aux asbl\u2026 Ces coupes restreignent consid\u00e9rablement les ressources d\u00e9j\u00e0 \u00e9triqu\u00e9es des associations et menacent directement leurs missions au travers des emplois qu\u2019elles soutiennent. Il ne s\u2019agit plus d\u2019une simple logique de rigueur budg\u00e9taire, mais d\u2019une attaque organis\u00e9e provoquant une asphyxie de plus en plus rapide du tissu associatif. Tel \u00e9tait l\u2019objet d\u2019une nouvelle carte blanche publi\u00e9e dans&nbsp;<em>Le Soir<\/em>, dont vous pouvez prendre connaissance&nbsp;<a href=\"https:\/\/www.fesefa.be\/wp-content\/uploads\/2025\/03\/20250320-Carte-blanche-Lente-asphyxie-du-monde-associatif.pdf\" target=\"_blank\" rel=\"noreferrer noopener\">ici<\/a>.<\/p>\n\n\n\n<p class=\"wp-block-paragraph\">Ces offensives id\u00e9ologiques d\u00e9complex\u00e9es menacent bel et bien notre mod\u00e8le d\u00e9mocratique, nos conquis sociaux, nos biens communs culturels. Nous ne pouvons le passer sous silence aujourd\u2019hui, au risque de le regretter plus tard.<\/p>\n\n\n\n<p class=\"wp-block-paragraph\"><\/p>\n\n\n\n<p class=\"wp-block-paragraph\">Source&nbsp;: <a href=\"https:\/\/www.fesefa.be\/lassociatif-et-la-culture-enjeux-democratiques-essentiels\/\" target=\"_blank\" rel=\"noreferrer noopener\">fesefa.be<\/a><\/p>\n\n\n\n<p class=\"wp-block-paragraph\"><\/p>","protected":false},"excerpt":{"rendered":"<p>Le moment politique est p\u00e9rilleux pour les sph\u00e8res \u00e9chappant encore \u00e0 l\u2019emprise du march\u00e9. Les prises de position m\u00e9diatiques et les attaques politiques contre l\u2019associatif en g\u00e9n\u00e9ral et la culture en particulier fusent, sur fond d\u2019invectives et de d\u00e9sinformation. Face \u00e0 cette offensive coordonn\u00e9e, la F\u00e9d\u00e9ration des\u00a0Employeurs des\u00a0Secteurs de l&#8217;\u00c9ducation permanente et de la\u00a0Formation des\u00a0Adultes [&hellip;]<\/p>","protected":false},"author":1,"featured_media":6271,"comment_status":"open","ping_status":"open","sticky":false,"template":"","format":"standard","meta":{"_acf_changed":false,"_seopress_robots_primary_cat":"","_seopress_titles_title":"","_seopress_titles_desc":"","_seopress_robots_index":"","_formation_external_id":"","_formation_date_debut":"","_formation_date_fin":"","_formation_heure_debut":"","_formation_heure_fin":"","_formation_cancelled":"","_formation_youtube":"","_formation_tarif":0,"_formation_info_date":"","_formation_info_diagnostic_oui":"","_formation_nom_formateur":"","_formation_prenom_formateur":"","_formation_nom_formateur2":"","_formation_prenom_formateur2":"","_formation_public":"","_formation_objectif":"","_formation_methodologie":"","_formation_itineraire":"","_formation_tarif_cs":0,"_formation_tarif_preferentiel":0,"_formation_info_diagnostic":"","_formation_localite":"","_formation_id_is_distant":"","_formation_heure_label":"","_formation_reference":"","_formation_presentation":"","_formation_archived":"","footnotes":""},"categories":[188],"tags":[],"class_list":["post-6269","post","type-post","status-publish","format-standard","has-post-thumbnail","hentry","category-news"],"acf":[],"_links":{"self":[{"href":"https:\/\/devs.openbaz.be\/stics\/wp-json\/wp\/v2\/posts\/6269","targetHints":{"allow":["GET"]}}],"collection":[{"href":"https:\/\/devs.openbaz.be\/stics\/wp-json\/wp\/v2\/posts"}],"about":[{"href":"https:\/\/devs.openbaz.be\/stics\/wp-json\/wp\/v2\/types\/post"}],"author":[{"embeddable":true,"href":"https:\/\/devs.openbaz.be\/stics\/wp-json\/wp\/v2\/users\/1"}],"replies":[{"embeddable":true,"href":"https:\/\/devs.openbaz.be\/stics\/wp-json\/wp\/v2\/comments?post=6269"}],"version-history":[{"count":0,"href":"https:\/\/devs.openbaz.be\/stics\/wp-json\/wp\/v2\/posts\/6269\/revisions"}],"wp:featuredmedia":[{"embeddable":true,"href":"https:\/\/devs.openbaz.be\/stics\/wp-json\/wp\/v2\/media\/6271"}],"wp:attachment":[{"href":"https:\/\/devs.openbaz.be\/stics\/wp-json\/wp\/v2\/media?parent=6269"}],"wp:term":[{"taxonomy":"category","embeddable":true,"href":"https:\/\/devs.openbaz.be\/stics\/wp-json\/wp\/v2\/categories?post=6269"},{"taxonomy":"post_tag","embeddable":true,"href":"https:\/\/devs.openbaz.be\/stics\/wp-json\/wp\/v2\/tags?post=6269"}],"curies":[{"name":"wp","href":"https:\/\/api.w.org\/{rel}","templated":true}]}}