{"id":6249,"date":"2025-03-19T13:20:54","date_gmt":"2025-03-19T12:20:54","guid":{"rendered":"https:\/\/devs.openbaz.be\/stics\/?p=6249"},"modified":"2025-03-19T13:20:54","modified_gmt":"2025-03-19T12:20:54","slug":"communique-de-presse-les-incertitudes-budgetaires-a-bruxelles-menacent-fortement-la-continuite-de-centaines-de-services-essentiels-a-la-population","status":"publish","type":"post","link":"https:\/\/devs.openbaz.be\/stics\/communique-de-presse-les-incertitudes-budgetaires-a-bruxelles-menacent-fortement-la-continuite-de-centaines-de-services-essentiels-a-la-population\/","title":{"rendered":"[COMMUNIQU\u00c9 DE PRESSE] Les incertitudes budg\u00e9taires \u00e0 Bruxelles menacent fortement la continuit\u00e9 de centaines de services essentiels \u00e0 la population"},"content":{"rendered":"\n<p class=\"wp-block-paragraph\"><strong>Malgr\u00e9 les appels r\u00e9p\u00e9t\u00e9s du secteur non marchand aux autorit\u00e9s, plusieurs centaines d\u2019associations qui r\u00e9pondent aux besoins de la population sont abandonn\u00e9es \u00e0 une incertitude budg\u00e9taire insoutenable. En l\u2019absence de gouvernement de plein exercice \u00e0 Bruxelles, rien ne bouge pour le non marchand et ces associations sont contraintes de reporter des projets cruciaux adress\u00e9s aux personnes en grande pr\u00e9carit\u00e9, aux malades, aux jeunes ou encore aux familles en difficult\u00e9.&nbsp;<\/strong><\/p>\n\n\n\n<p class=\"wp-block-paragraph\">Depuis le vote en d\u00e9cembre de la premi\u00e8re p\u00e9riode de douzi\u00e8mes provisoires, les associations sont sans nouvelles quant \u00e0 leur subside et nombreuses sont celles qui ont d\u00fb interrompre les activit\u00e9s concern\u00e9es. Non seulement les promesses faites n\u2019ont toujours pas \u00e9t\u00e9 tenues mais la seconde p\u00e9riode de douzi\u00e8mes provisoires qui s\u2019annonce va prolonger un dispositif budg\u00e9taire exceptionnel et anormal ainsi qu\u2019un sentiment d\u2019instabilit\u00e9 au sein du secteur non marchand. Le m\u00e9canisme de cr\u00e9dit provisoire s\u2019accompagne en effet d\u2019une s\u00e9rie d\u2019effets ind\u00e9sirables&nbsp;: manque de perspective budg\u00e9taire, probl\u00e8mes de tr\u00e9sorerie, non indexation des moyens alors que les d\u00e9penses, elles, sont index\u00e9es, absence de nouvelles politiques malgr\u00e9 l\u2019ampleur des d\u00e9fis auxquels la R\u00e9gion bruxelloise doit faire face.&nbsp;<\/p>\n\n\n\n<p class=\"wp-block-paragraph\">Les douzi\u00e8mes provisoires, cens\u00e9s \u00eatre une mesure temporaire, fragilisent des milliers de travailleuses et travailleurs et mettent en p\u00e9ril l\u2019aide offerte aux publics les plus vuln\u00e9rables.<\/p>\n\n\n\n<p class=\"wp-block-paragraph\">Qui plus est, le Gouvernement annonce \u00e0 pr\u00e9sent une diminution de 15% du budget total des subsides facultatifs r\u00e9gionaux. Cette nouvelle r\u00e9duction des moyens risque d\u2019entra\u00eener une diminution proportionnelle de l\u2019offre de service et des emplois dans le secteur.&nbsp;<\/p>\n\n\n\n<p class=\"wp-block-paragraph\">Les associations non marchandes exhortent les autorit\u00e9s \u00e0 d\u00e9bloquer imm\u00e9diatement les financements n\u00e9cessaires pour permettre \u00e0 leurs structures de fonctionner normalement.&nbsp; Elles demandent, d\u2019autre part, d\u2019\u00e9tablir une feuille de route budg\u00e9taire stable et pr\u00e9visible pour l\u2019ensemble de l\u2019ann\u00e9e 2025 afin d\u2019\u00eatre en mesure de planifier un minimum l\u2019avenir. Ces associations soulignent enfin l\u2019importance de r\u00e9viser en profondeur la communication et la transparence entre pouvoirs publics et acteurs du terrain pour \u00e9viter de nouveaux blocages.&nbsp;&nbsp;<\/p>\n\n\n\n<p class=\"wp-block-paragraph\">Le secteur non marchand n\u2019est pas une variable d\u2019ajustement budg\u00e9taire. C\u2019est un rempart essentiel contre la pr\u00e9carit\u00e9, l\u2019exclusion et l\u2019isolement social mais aussi un puissant moteur de l\u2019\u00e9conomie bruxelloise. Forc\u00e9es \u00e0 la r\u00e9silience, les associations vitales \u00e0 la population ne peuvent plus se contenter de promesses creuses. Colossal \u00e0 Bruxelles, le d\u00e9fi social et sanitaire r\u00e9clame des actes, maintenant.&nbsp;<\/p>\n\n\n\n<p class=\"wp-block-paragraph\"><br><\/p>\n\n\n\n<hr class=\"wp-block-separator has-alpha-channel-opacity is-style-wide\"\/>\n\n\n\n<p class=\"wp-block-paragraph\"><br><\/p>\n\n\n\n<p class=\"has-small-font-size wp-block-paragraph\">2Bouts, Accolage, ADDE, Agence conseil du sport, agence immobili\u00e8re sociale la M.A.I.S., Aidants Proches Bruxelles, AIRE DE RIEN, AIS HECTOR DENIS, AISJ, Aksent, Alias, AMA \u2013 F\u00e9d\u00e9ration des maisons d\u2019accueil et des services d\u2019aide aux sans-abri, Ambulatoire-Forest, AMLA, ANCE, Angela.D, Article 27#Bruxelles, Arts&amp;Publics, ASAH-BXL, Addictions, ANAIS \u2013 SSM, Apr\u00e8stoe, Centre d\u2019Appui- M\u00e9diation de Dettes, DIOGENES, E\u00b2, Infor-Home-Info, LAMA, Le Wovendael, Les Pissenlits, Maison m\u00e9dicale des Riches Claires, Norwest, RBDH\/BBRoW, R\u00e9seau H\u00e9patite C \u2013 Bruxelles, Super Etudiant, TRANSIT, Association pour la Solidarit\u00e9 Etudiante en Belgique, Atoll, Balder en Bondgenoten, BeFUS, Bico-federatie, Bonnevie, BRAL, Bru4home, r\u00e9seau intersectoriel de pr\u00e9vention du sans-abrisme, Brussel Onthaal \u2013 Bruxelles Accueil, Brussels Platform Armoede, Bruxelles-J, BRUXEO, Bulle Wasserette Mobile, Buurthuis Bonnevie, CAFA, cap westland, CAP-ITI, CASA HESTIA, CASAF, CASMMU, CAW Brussel, CBAI, CBCS, CCLJ, CEMO, centre de sant\u00e9 du miroir, Centre Ath\u00e9na, Centre Bruxellois de Promotion de la Sant\u00e9, Centre d\u2019appui bruxellois, Centre de jour L\u2019Or\u00e9e, Centre de Planning Familial de Forest, Centre de planning familial de Watermael-Boitsfort, Centre de R\u00e9novation Urbaine, Centre de sant\u00e9 le Goeland, Centre Familial Belgo-Immigr\u00e9, Centre S\u00e9verine, Planning familial la\u00efque de Bxl-Ouest, Chez Nous Bij Ons, CIR\u00c9, CODEF, Comit\u00e9 de la samaritaine, Commune d\u2019Anderlecht, Conf\u00e9d\u00e9ration des Employeurs des secteurs Sportif &amp; SocioCulturel, Conf\u00e9d\u00e9ration des Organisations de Jeunesse, Convivence \u2013 Samenleven, Coordination et D\u00e9fense des services sociaux, culturels et environnementaux, CoVer, CPAS, CP\u00c4S de Saint-Gilles \u2013 D\u00e9partement pr\u00e9vention adultes, CRU, CSD- centrale de services et soins \u00e0 domicile, CSM L\u2019Adret, Culture Bruxelles Nord-Ouest, Cultures&amp;Sant\u00e9, CVTS, D\u2019Ici et D\u2019Ailleurs, Dagcentrum Thuis, De Buurtwinkel, Dggz Antonin Artaud, Diogenes, DoucheFLUX, Dune, \u00c9closion, Entr\u2019\u00e2ges, Entr\u2019Aide des Marolles, Espace P, Espace Rencontre Bruxelles, Espace Social T\u00e9l\u00e9-Service, Ex Aequo, Partenaire sant\u00e9 des hommes qui aiment les hommes, Fabrik, FAIRWORK Belgium, FASS, FCPPF, FCSD, Fdss, FedeAU, F\u00e9d\u00e9ration bruxelloise de soins palliatifs, F\u00e9d\u00e9ration Bruxelloise des Entreprises de Travail Adapt\u00e9, F\u00e9d\u00e9ration Bruxelloise Unie pour le Logement, F\u00e9d\u00e9ration des institutions sp\u00e9cialis\u00e9es en mati\u00e8re de drogues et addictions, f\u00e9d\u00e9ration des maisons m\u00e9dicales, F\u00e9d\u00e9ration des organismes d\u2019insertion socioprofessionnelle et d\u2019\u00e9conomie sociale mandat\u00e9e en insertion, F\u00e9d\u00e9ration des Services Sociaux, F\u00e9d\u00e9ration Francophone des Ecoles de Devoirs, F\u00e9d\u00e9ration La\u00efque de Centres de Planning Familial, Feiat, FESEFA, FESOJ \u2013 F\u00e9d\u00e9ration des employeurs du secteur Jeunesse, Forum-Bruxelles de lutte contre les in\u00e9galit\u00e9s sociales, Foyer du Sud \u2013 SASLS, Gammes, GAMS Belgique, Genres Pluriels, Get Down \u2013 Dancers Management, Grandir Ensemble, Groot Eiland, Groupe Sant\u00e9 Josaphat, Hart boven Hard Brussel, Home Baudouin, I.Care, IHP Messidor \u2013 Carrefour, Incidence, f\u00e9d\u00e9ration Cr\u00e9ativit\u00e9 et Arts en amateur, Info-Sourds de Bruxelles, Info-Sourds de Bruxelles, Isabelle, JES, Jeunes aidants proches, La Cit\u00e9 des Associations, La Ferme du Chaudron, La Ligue des familles, La Maison Rue Verte, La Porte Verte-Snijboontje, La Rue, La Trace, Le P\u00e9lican, Le Petit V\u00e9lo Jaune, Le Refuge Bruxelles \u2022 Het Opvanghuis Brussel, Le R\u00e9seau des Groupes d\u2019Achats Solidaires de l\u2019Agriculture Paysanne (GASAP), Les Grignoux, Les Petits Riens, Lhiving, LIGUE BRAILLE, Ligue Bruxelloise pour la Sant\u00e9 Mentale, SACADO, l\u2019ilot, LUSS, Macadam, Maison d\u2019Accueil des Petits Riens, Maison de Quartier Bonnevie, Maison de Quartier Chamb\u00e9ry, Maison de Sant\u00e9 Atlas, Maison de Sant\u00e9 du Triangle, Maison des Cultures et de la Coh\u00e9sion Sociale, MAISON MEDICALE BOTANIQUE, maison m\u00e9dicale calendula, Maison M\u00e9dicale des Marolles, Maison m\u00e9dicale des Riches Claires, Maison M\u00e9dicale Duchesse, maison m\u00e9dicale et planning familial, Maison m\u00e9dicale Le Go\u00e9land, Maison M\u00e9dicale Le Noyer, Maison m\u00e9dicale Les Primev\u00e8res \u2013 FAMGB, Maison M\u00e9dicale Marconi, Maison m\u00e9dicale Norman Bethune, MAISON MEDICALE PERSPECTIVE, Maison M\u00e9dicale Perspective, Maison m\u00e9dicale Racines, Mission Locale pour l\u2019Emploi de Bruxelles-Ville, Mission Locale pour l\u2019emploi de Saint-Gilles, MM asaso, MOC-CIEP Bruxelles, Modus Vivendi, Moerman, Montfort Center \u2013 RestoJet, MOVE, NATIVITAS, Norwest (Le Club Norwest), OCMW Anderlecht, PAG-ASA, PCS Franck, Petit V\u00e9lo Jaune, Plan F, Planning Familial d\u2019Auderghem, Planning familial de BSA, Planning Saint-Josse, Plateforme Pr\u00e9vention Sida, PLOUF, PORTE OUVERTE, Pour la solidarit\u00e9, Projet LAMA, Projet Orfeo, ProJeuneS, Promo Sant\u00e9 &amp; M\u00e9decine G\u00e9n\u00e9rale, Prospective Jeunesse, PsyBru, Question Sant\u00e9, RABKO, RenovaS, Resad, R\u00e9seau Habitat, Rizome-Bxl, Rom en Rom, Samen Toujours, SeGEC, Service d\u2019accueil de jour Aegidium, Service de Sant\u00e9 Mentale, Service de Sant\u00e9 Mentale D\u2019Ici Et D\u2019Ailleurs, Service de sant\u00e9 mentale du Champ de la couronne, Service de sant\u00e9 mentale Le M\u00e9ridien, Service La\u00efque d\u2019Aide aux Justiciables et aux Victimes, Service Social de Cureghem, Service social juif, Services Sociaux des Quartiers 1030 \u2013 Wijkmaatschappelijk Werk 1030, SESO \u2013 SETM, SeTIS Bruxelles, SIMA BXL, SIREAS-SASB-FAE, Smes, Sociare, SoHab \u2013 Association de Solidarit\u00e9 pour l\u2019Habitat, SoHoNet, Solidarcit\u00e9, SOSJEUNES-Quartier Libre, Source, SSM Chapelle-aux-Champs \u2013 SSM Le Norois, SSM LA GERBE, SSM Le coin des cerises, SSM LE M\u00e9ridien, SSM Ulysse, SSM-ULB, <strong>STICS<\/strong>, Tels Quels, Trilithe, Un toit \u00e0 soi, Une Maison en Plus, Union des locataires marollienne, Union des Locataires Quartier Nord, Vrienden van het Huizeke, Beschut Wonen Thuis, Buurthuis Bonnevie Maison de Quartier, WALALOU, Wijkpartenariaat-De Schakel, Woman\u2019Do, WOPS SSM<br><br><\/p>\n\n\n\n<hr class=\"wp-block-separator has-alpha-channel-opacity\"\/>\n\n\n\n<p class=\"has-small-font-size wp-block-paragraph\"><br>Source&nbsp;: <a href=\"https:\/\/dune-asbl.be\/2025\/03\/les-incertitudes-budgetaires-a-bruxelles-menacent-fortement-la-continuite-de-centaines-de-services-essentiels-a-la-population\/\" target=\"_blank\" rel=\"noreferrer noopener\">dune-asbl.be<\/a><\/p>\n\n\n\n<p class=\"wp-block-paragraph\"><\/p>","protected":false},"excerpt":{"rendered":"<p>Malgr\u00e9 les appels r\u00e9p\u00e9t\u00e9s du secteur non marchand aux autorit\u00e9s, plusieurs centaines d\u2019associations qui r\u00e9pondent aux besoins de la population sont abandonn\u00e9es \u00e0 une incertitude budg\u00e9taire insoutenable. En l\u2019absence de gouvernement de plein exercice \u00e0 Bruxelles, rien ne bouge pour le non marchand et ces associations sont contraintes de reporter des projets cruciaux adress\u00e9s aux [&hellip;]<\/p>","protected":false},"author":1,"featured_media":6257,"comment_status":"open","ping_status":"open","sticky":false,"template":"","format":"standard","meta":{"_acf_changed":false,"_seopress_robots_primary_cat":"","_seopress_titles_title":"","_seopress_titles_desc":"","_seopress_robots_index":"","_formation_external_id":"","_formation_date_debut":"","_formation_date_fin":"","_formation_heure_debut":"","_formation_heure_fin":"","_formation_cancelled":"","_formation_youtube":"","_formation_tarif":0,"_formation_info_date":"","_formation_info_diagnostic_oui":"","_formation_nom_formateur":"","_formation_prenom_formateur":"","_formation_nom_formateur2":"","_formation_prenom_formateur2":"","_formation_public":"","_formation_objectif":"","_formation_methodologie":"","_formation_itineraire":"","_formation_tarif_cs":0,"_formation_tarif_preferentiel":0,"_formation_info_diagnostic":"","_formation_localite":"","_formation_id_is_distant":"","_formation_heure_label":"","_formation_reference":"","_formation_presentation":"","_formation_archived":"","footnotes":""},"categories":[188],"tags":[],"class_list":["post-6249","post","type-post","status-publish","format-standard","has-post-thumbnail","hentry","category-news"],"acf":[],"_links":{"self":[{"href":"https:\/\/devs.openbaz.be\/stics\/wp-json\/wp\/v2\/posts\/6249","targetHints":{"allow":["GET"]}}],"collection":[{"href":"https:\/\/devs.openbaz.be\/stics\/wp-json\/wp\/v2\/posts"}],"about":[{"href":"https:\/\/devs.openbaz.be\/stics\/wp-json\/wp\/v2\/types\/post"}],"author":[{"embeddable":true,"href":"https:\/\/devs.openbaz.be\/stics\/wp-json\/wp\/v2\/users\/1"}],"replies":[{"embeddable":true,"href":"https:\/\/devs.openbaz.be\/stics\/wp-json\/wp\/v2\/comments?post=6249"}],"version-history":[{"count":0,"href":"https:\/\/devs.openbaz.be\/stics\/wp-json\/wp\/v2\/posts\/6249\/revisions"}],"wp:featuredmedia":[{"embeddable":true,"href":"https:\/\/devs.openbaz.be\/stics\/wp-json\/wp\/v2\/media\/6257"}],"wp:attachment":[{"href":"https:\/\/devs.openbaz.be\/stics\/wp-json\/wp\/v2\/media?parent=6249"}],"wp:term":[{"taxonomy":"category","embeddable":true,"href":"https:\/\/devs.openbaz.be\/stics\/wp-json\/wp\/v2\/categories?post=6249"},{"taxonomy":"post_tag","embeddable":true,"href":"https:\/\/devs.openbaz.be\/stics\/wp-json\/wp\/v2\/tags?post=6249"}],"curies":[{"name":"wp","href":"https:\/\/api.w.org\/{rel}","templated":true}]}}