{"id":6197,"date":"2025-02-04T14:46:18","date_gmt":"2025-02-04T13:46:18","guid":{"rendered":"https:\/\/devs.openbaz.be\/stics\/?p=6197"},"modified":"2025-02-04T14:46:18","modified_gmt":"2025-02-04T13:46:18","slug":"agenda-presentation-du-manuel-du-leader-social","status":"publish","type":"post","link":"https:\/\/devs.openbaz.be\/stics\/agenda-presentation-du-manuel-du-leader-social\/","title":{"rendered":"[AGENDA] Pr\u00e9sentation du Manuel du leader social"},"content":{"rendered":"\n<p class=\"wp-block-paragraph\">Face \u00e0 la complexification des enjeux sociaux, humanitaires, environnementaux et citoyens, un leadership renouvel\u00e9 et efficace est plus que jamais n\u00e9cessaire. C&#8217;est dans ce contexte que Fran\u00e7ois Ballestero, sp\u00e9cialiste de l&#8217;accompagnement au changement organisationnel et du leadership strat\u00e9gique, publie le <a href=\"https:\/\/devs.openbaz.be\/stics\/publications\/\" target=\"_blank\" rel=\"noreferrer noopener\">Manuel du leader social, co-\u00e9dit\u00e9 par les \u00e9ditions Couleur Livres et le STICS asbl<\/a>.<\/p>\n\n\n\n<p class=\"wp-block-paragraph\">L&#8217;auteur propose un ouvrage unique combinant r\u00e9cit illustratif et outils pratiques. En effet, le livre suit le parcours fictif de Marco qui devient un leader syndical accompli gr\u00e2ce \u00e0 sa volont\u00e9 et \u00e0 des outils concrets (250 pages). La seconde partie (150 pages) offre une approche m\u00e9thodologique et technique avec des apports directement applicables pour renforcer les comp\u00e9tences et l&#8217;efficacit\u00e9 des acteurs sociaux.<\/p>\n\n\n\n<p class=\"wp-block-paragraph\">Cet ouvrage s&#8217;adresse \u00e0 tous\u00b7tes les citoyen\u00b7nes engag\u00e9\u00b7es dans les domaines social, environnemental, de la citoyennet\u00e9, de la justice et de l&#8217;\u00e9galit\u00e9.<\/p>\n\n\n\n<p class=\"wp-block-paragraph\">Fran\u00e7ois Ballestero conjugue une approche pragmatique du changement et une sensibilit\u00e9 profonde aux enjeux de soci\u00e9t\u00e9, fruit de sa double exp\u00e9rience de syndicaliste et de consultant, coach et formateur aupr\u00e8s d&#8217;institutions publiques et d&#8217;associations.<\/p>\n\n\n\n<p class=\"wp-block-paragraph\">La pr\u00e9sentation du livre est ouverte \u00e0 tous\u00b7tes.<\/p>\n\n\n\n<p class=\"wp-block-paragraph\"><strong>Date&nbsp;:<\/strong> vendredi 7 mars 2025 Heure&nbsp;: 11h30 \u2013 13h00<br><strong>Lieu <\/strong>: STICS, 32, boulevard Lambermont \u00e0 1030 Schaerbeek<\/p>\n\n\n\n<p class=\"wp-block-paragraph\">Pour des raisons d&#8217;organisation logistique, nous vous demandons de vous inscrire <a href=\"https:\/\/fr.surveymonkey.com\/r\/M25CQTD\" target=\"_blank\" rel=\"noreferrer noopener\">\u00e0 l&#8217;aide de notre formulaire<\/a>.<\/p>\n\n\n\n<p class=\"wp-block-paragraph\">Apr\u00e8s la pr\u00e9sentation de son ouvrage, l&#8217;auteur sera ravi de vous le d\u00e9dicacer. N&#8217;h\u00e9sitez pas \u00e0 apporter votre exemplaire si vous le poss\u00e9dez d\u00e9j\u00e0. Le livre sera \u00e9galement disponible \u00e0 l&#8217;achat sur place, au STICS. Sinon, il est toujours possible de le <a href=\"https:\/\/fr.surveymonkey.com\/r\/BLZ85NF\" target=\"_blank\" rel=\"noreferrer noopener\">commander en ligne<\/a>.<\/p>\n\n\n\n<p class=\"wp-block-paragraph\"><strong>Contact&nbsp;: <\/strong>pour toute question, contactez-nous \u00e0 l&#8217;adresse <a href=\"mailto:com@stics.be\">com@stics.be<\/a>.<br><br><\/p>\n\n\n\n<div class=\"wp-block-buttons is-content-justification-center is-layout-flex wp-container-core-buttons-is-layout-3e41869c wp-block-buttons-is-layout-flex\">\n<div class=\"wp-block-button has-custom-width wp-block-button__width-25 is-style-outline is-style-outline--1\"><a class=\"wp-block-button__link wp-element-button\" href=\"https:\/\/fr.surveymonkey.com\/r\/M25CQTD\" target=\"_blank\" rel=\"noreferrer noopener\">Je m&#8217;inscris&nbsp;!<\/a><\/div>\n<\/div>\n\n\n\n<p class=\"wp-block-paragraph\"><br><br><\/p>","protected":false},"excerpt":{"rendered":"<p>Face \u00e0 la complexification des enjeux sociaux, humanitaires, environnementaux et citoyens, un leadership renouvel\u00e9 et efficace est plus que jamais n\u00e9cessaire. C&#8217;est dans ce contexte que Fran\u00e7ois Ballestero, sp\u00e9cialiste de l&#8217;accompagnement au changement organisationnel et du leadership strat\u00e9gique, publie le Manuel du leader social, co-\u00e9dit\u00e9 par les \u00e9ditions Couleur Livres et le STICS asbl. L&#8217;auteur [&hellip;]<\/p>","protected":false},"author":1,"featured_media":5656,"comment_status":"open","ping_status":"open","sticky":false,"template":"","format":"standard","meta":{"_acf_changed":false,"_seopress_robots_primary_cat":"","_seopress_titles_title":"","_seopress_titles_desc":"","_seopress_robots_index":"","_formation_external_id":"","_formation_date_debut":"","_formation_date_fin":"","_formation_heure_debut":"","_formation_heure_fin":"","_formation_cancelled":"","_formation_youtube":"","_formation_tarif":0,"_formation_info_date":"","_formation_info_diagnostic_oui":"","_formation_nom_formateur":"","_formation_prenom_formateur":"","_formation_nom_formateur2":"","_formation_prenom_formateur2":"","_formation_public":"","_formation_objectif":"","_formation_methodologie":"","_formation_itineraire":"","_formation_tarif_cs":0,"_formation_tarif_preferentiel":0,"_formation_info_diagnostic":"","_formation_localite":"","_formation_id_is_distant":"","_formation_heure_label":"","_formation_reference":"","_formation_presentation":"","_formation_archived":"","footnotes":""},"categories":[188],"tags":[],"class_list":["post-6197","post","type-post","status-publish","format-standard","has-post-thumbnail","hentry","category-news"],"acf":[],"_links":{"self":[{"href":"https:\/\/devs.openbaz.be\/stics\/wp-json\/wp\/v2\/posts\/6197","targetHints":{"allow":["GET"]}}],"collection":[{"href":"https:\/\/devs.openbaz.be\/stics\/wp-json\/wp\/v2\/posts"}],"about":[{"href":"https:\/\/devs.openbaz.be\/stics\/wp-json\/wp\/v2\/types\/post"}],"author":[{"embeddable":true,"href":"https:\/\/devs.openbaz.be\/stics\/wp-json\/wp\/v2\/users\/1"}],"replies":[{"embeddable":true,"href":"https:\/\/devs.openbaz.be\/stics\/wp-json\/wp\/v2\/comments?post=6197"}],"version-history":[{"count":0,"href":"https:\/\/devs.openbaz.be\/stics\/wp-json\/wp\/v2\/posts\/6197\/revisions"}],"wp:featuredmedia":[{"embeddable":true,"href":"https:\/\/devs.openbaz.be\/stics\/wp-json\/wp\/v2\/media\/5656"}],"wp:attachment":[{"href":"https:\/\/devs.openbaz.be\/stics\/wp-json\/wp\/v2\/media?parent=6197"}],"wp:term":[{"taxonomy":"category","embeddable":true,"href":"https:\/\/devs.openbaz.be\/stics\/wp-json\/wp\/v2\/categories?post=6197"},{"taxonomy":"post_tag","embeddable":true,"href":"https:\/\/devs.openbaz.be\/stics\/wp-json\/wp\/v2\/tags?post=6197"}],"curies":[{"name":"wp","href":"https:\/\/api.w.org\/{rel}","templated":true}]}}