{"id":6169,"date":"2025-03-01T15:07:11","date_gmt":"2025-03-01T14:07:11","guid":{"rendered":"https:\/\/devs.openbaz.be\/stics\/?p=6169"},"modified":"2025-03-01T15:07:11","modified_gmt":"2025-03-01T14:07:11","slug":"formation-certifiante-devenir-formateur%c2%b7trice-les-fondamentaux-de-lanimation-et-de-la-pedagogie","status":"publish","type":"post","link":"https:\/\/devs.openbaz.be\/stics\/formation-certifiante-devenir-formateur%c2%b7trice-les-fondamentaux-de-lanimation-et-de-la-pedagogie\/","title":{"rendered":"[FORMATION CERTIFIANTE] Devenir formateur\u00b7trice&nbsp;: les fondamentaux de l&#8217;animation et de la p\u00e9dagogie"},"content":{"rendered":"\n<p class=\"wp-block-paragraph\">Vous aspirez \u00e0 transmettre vos savoirs avec impact&nbsp;?\u202f&nbsp;<\/p>\n\n\n\n<p class=\"wp-block-paragraph\">Le Stics asbl vous propose une nouvelle formation certificative.&nbsp;<\/p>\n\n\n\n<p class=\"wp-block-paragraph\">Cette formation va vous permettre d\u2019appr\u00e9hender et de renforcer vos comp\u00e9tences pour booster votre position de formateur\u00b7rice.&nbsp;<\/p>\n\n\n\n<p class=\"wp-block-paragraph\">Il s\u2019agit d\u2019un parcours de formation dont vous choisirez les modules compl\u00e9mentaires qui correspondent le plus \u00e0 vos besoins.&nbsp;<\/p>\n\n\n\n<p class=\"wp-block-paragraph\">Nous vous proposons un scenario de formation original et novateur qui peut se transformer en fonction de vos r\u00e9els besoins d\u2019acquisition de comp\u00e9tences. Le parcours d\u00e9bute par un cursus commun \u00e0 tous.tes de 8 journ\u00e9es de formation sur les fondamentaux de la transmission p\u00e9dagogique. Il se poursuit ensuite \u00e0 votre gr\u00e9 et en fonction de vos choix de renforcement par la poursuite de modules compl\u00e9mentaires. Vous choisissez librement dans notre liste de propositions, trois modules compl\u00e9mentaires pour \u00e9tayer ou d\u00e9velopper vos comp\u00e9tences.&nbsp;<\/p>\n\n\n\n<p class=\"wp-block-paragraph\"><strong>Au total vous participer \u00e0 8+6 jours minimum = 14 journ\u00e9es de formation&nbsp;<\/strong><\/p>\n\n\n\n<p class=\"wp-block-paragraph\">Certains modules sont organis\u00e9s en mode hybride pour allier la rencontre pr\u00e9sentielle avec le confort d\u2019une formation distancielle&nbsp;<\/p>\n\n\n\n<h2 class=\"wp-block-heading\">R\u00e9capitulatif<\/h2>\n\n\n\n<p class=\"wp-block-paragraph\"><strong>Le module de 8 jours\u202fconstitue le tronc commun, <\/strong>il vous offre les outils essentiels pour devenir un.e formateur.rice efficace et inspirant.e.&nbsp;<\/p>\n\n\n\n<p class=\"wp-block-paragraph\">Explorez les fondamentaux de l&#8217;animation, apprenez \u00e0 concevoir des s\u00e9quences p\u00e9dagogiques engageantes et ma\u00eetrisez les techniques pour g\u00e9rer un groupe dynamique.&nbsp;<\/p>\n\n\n\n<p class=\"wp-block-paragraph\">Gr\u00e2ce \u00e0 des m\u00e9thodes participatives et \u00e0 l\u2019\u00e9change de pratiques, vous d\u00e9veloppez votre confiance et votre cr\u00e9ativit\u00e9 en tant que formateur.rice.&nbsp;<\/p>\n\n\n\n<h2 class=\"wp-block-heading\"><strong>Objectifs p\u00e9dagogiques&nbsp;<\/strong><\/h2>\n\n\n\n<p class=\"wp-block-paragraph\">A la fin de la formation, le.la participant.e sera capable de\u202f:&nbsp;<\/p>\n\n\n\n<ul class=\"wp-block-list\">\n<li><strong>Identifier\u202f<\/strong>les r\u00f4les d&#8217;un.e formateur.e, ainsi que les diff\u00e9rents types de supports p\u00e9dagogiques.&nbsp;<\/li>\n<\/ul>\n\n\n\n<ul class=\"wp-block-list\">\n<li><strong>Expliquer<\/strong>\u202fl&#8217;importance des brise-glaces et du contrat informel dans la cr\u00e9ation d&#8217;une dynamique de groupe efficace.&nbsp;<\/li>\n<\/ul>\n\n\n\n<ul class=\"wp-block-list\">\n<li><strong>Appliquer\u202f<\/strong>les concepts de la taxonomie de Bloom pour r\u00e9diger des objectifs p\u00e9dagogiques clairs et mesurables pour un sujet de formation choisi.&nbsp;<\/li>\n<\/ul>\n\n\n\n<ul class=\"wp-block-list\">\n<li><strong>Utiliser<\/strong>\u202fdes techniques d\u2019animation adapt\u00e9es pour g\u00e9rer des comportements difficiles en formation.&nbsp;<\/li>\n<\/ul>\n\n\n\n<ul class=\"wp-block-list\">\n<li><strong>Analyser<\/strong>\u202fdes situations p\u00e9dagogiques \u00e0 l&#8217;aide des paradigmes de Leclercq et identifier des strat\u00e9gies d\u2019animation appropri\u00e9es.&nbsp;<\/li>\n<\/ul>\n\n\n\n<ul class=\"wp-block-list\">\n<li><strong>Comparer\u202f<\/strong>et\u202f<strong>\u00e9valuer<\/strong>\u202fl\u2019efficacit\u00e9 de diff\u00e9rents supports de formation (PowerPoint, Genially, Canva, etc.) en fonction des besoins des apprenant.es.&nbsp;<\/li>\n<\/ul>\n\n\n\n<ul class=\"wp-block-list\">\n<li><strong>Cr\u00e9er<\/strong>\u202fune s\u00e9quence p\u00e9dagogique int\u00e9grant des objectifs, des m\u00e9thodes d\u2019animation et des supports adapt\u00e9s, en collaboration avec les membres de son sous-groupe.&nbsp;<\/li>\n<\/ul>\n\n\n\n<ul class=\"wp-block-list\">\n<li><strong>\u00c9valuer<\/strong>\u202fl\u2019impact de ses choix p\u00e9dagogiques sur l\u2019engagement et l\u2019apprentissage des participant.es, et proposer des am\u00e9liorations bas\u00e9es sur des retours d\u2019exp\u00e9rience.&nbsp;<\/li>\n<\/ul>\n\n\n\n<ul class=\"wp-block-list\">\n<li><strong>Animer\u202f<\/strong>de mani\u00e8re autonome une s\u00e9quence courte, en appliquant les enseignements acquis au cours de la formation.&nbsp;<\/li>\n<\/ul>\n\n\n\n<p class=\"wp-block-paragraph\">Ensuite vous choisissez trois modules parmi cette liste\u202f:&nbsp;<\/p>\n\n\n\n<ul class=\"wp-block-list\">\n<li><strong><a href=\"https:\/\/devs.openbaz.be\/stics\/formations\/formation-detail?formation=1287\" target=\"_blank\" rel=\"noreferrer noopener\">Prise de parole en public et communication de ses id\u00e9es<\/a> <\/strong>&#8211; 3 jours&nbsp;<\/li>\n\n\n\n<li><strong>Des outils num\u00e9riques pour booster ma formation <\/strong>&#8211; 2 jours&nbsp;<\/li>\n\n\n\n<li><strong><a href=\"https:\/\/devs.openbaz.be\/stics\/formations\/formation-detail?formation=1299\" target=\"_blank\" rel=\"noreferrer noopener\">Utiliser Canva pour mieux communiquer<\/a> <\/strong>&#8211; 1 jour<\/li>\n\n\n\n<li><a href=\"https:\/\/devs.openbaz.be\/stics\/formations\/formation-detail\/?formation=1376\" target=\"_blank\" rel=\"noreferrer noopener\"><strong>Communication interculturelle \u2013 diversit\u00e9 et inclusion<\/strong><\/a> &#8211; 2 jours&nbsp;<\/li>\n\n\n\n<li><strong><a href=\"https:\/\/devs.openbaz.be\/stics\/formations\/formation-detail\/?formation=1264\">\u00catre serein.e lors de prise de parole en public. S\u2019adresser \u00e0 un public avec confiance et s\u00e9r\u00e9nit\u00e9<\/a><\/strong> &#8211; 2 jours&nbsp;<\/li>\n\n\n\n<li><strong><a href=\"https:\/\/devs.openbaz.be\/stics\/formations\/formation-detail?formation=1295\" target=\"_blank\" rel=\"noreferrer noopener\">Outils d\u2019intervention en groupe<\/a> <\/strong>&#8211; 3 jours&nbsp;<\/li>\n\n\n\n<li><strong><a href=\"https:\/\/devs.openbaz.be\/stics\/formations\/formation-detail\/?formation=906\" target=\"_blank\" rel=\"noreferrer noopener\">Ensemble, cod\u00e9veloppons&nbsp;!<\/a> <\/strong>&#8211; 2 jours<\/li>\n<\/ul>\n\n\n\n<h2 class=\"wp-block-heading\">Modalit\u00e9 pratiques\u202f<\/h2>\n\n\n\n<p class=\"wp-block-paragraph\">Vous d\u00e9buter votre parcours en suivant le module du tronc commun programm\u00e9 en 8 jours.&nbsp;<\/p>\n\n\n\n<p class=\"wp-block-paragraph\">Ensuite vous vous inscrivez \u00e0 votre rythme et selon vos choix aux autres modules compl\u00e9mentaires&nbsp;<\/p>\n\n\n\n<p class=\"wp-block-paragraph\">Vos frais d\u2019inscriptions peuvent \u00eatre r\u00e9partis au fur et \u00e0 mesure de vos choix de modules&nbsp;&nbsp;<\/p>\n\n\n\n<p class=\"wp-block-paragraph\">Un webinaire d\u2019accueil est pr\u00e9vu pour lancer la formation lors duquel vous rencontrer vos formateur.rices pour \u00e9changer sur votre parcours.&nbsp;<\/p>\n\n\n\n<p class=\"wp-block-paragraph\">Au cours de la formation vous aurez la possibilit\u00e9 d\u2019\u00e9prouver vos comp\u00e9tences de formateur.rices par des mises en situation.&nbsp;<\/p>\n\n\n\n<p class=\"wp-block-paragraph\">Un entretien p\u00e9dagogique de cl\u00f4ture est pr\u00e9vu au terme du parcours o\u00f9 vous recevez votre certification.&nbsp;<\/p>\n\n\n\n<h2 class=\"wp-block-heading\">Informations pratiques<\/h2>\n\n\n\n<p class=\"wp-block-paragraph\"><strong>Formatrice&nbsp;: <\/strong>Chlo\u00e9 Mertens<br><strong>Dates&nbsp;: <\/strong>24, 28, 31 mars, 03, 07, 10, 14, 24 avril et 26 mai 2025<br><strong>Horaire:<\/strong> Jours 1 &#8211; 8&nbsp;: en pr\u00e9sentiel de 9h30 \u00e0 16h30; jour 9&nbsp;: en distanciel, de 10h \u00e0 12h<br><strong>Tarif:<\/strong> 835.00&nbsp;\u20ac par personne TTC <em>(pour les travailleurs issus du secteur public)<\/em><br><strong>Tarif pr\u00e9f\u00e9rentiel:<\/strong> 710.00&nbsp;\u20ac par personne TTC <em>(pour les travailleurs issus du secteur associatif)<\/em><br><strong>Lieu en pr\u00e9sentiel&nbsp;:<\/strong> 1030 Bruxelles<br><strong>Code:<\/strong> 41-2025<\/p>\n\n\n\n<p class=\"wp-block-paragraph\"><a href=\"https:\/\/devs.openbaz.be\/stics\/formations\/formation-detail\/?formation=1275\" target=\"_blank\" rel=\"noreferrer noopener\">Rendez-vous sur la page de la formation pour plus d&#8217;information.<\/a><\/p>","protected":false},"excerpt":{"rendered":"<p>Vous aspirez \u00e0 transmettre vos savoirs avec impact&nbsp;?\u202f&nbsp; Le Stics asbl vous propose une nouvelle formation certificative.&nbsp; Cette formation va vous permettre d\u2019appr\u00e9hender et de renforcer vos comp\u00e9tences pour booster votre position de formateur\u00b7rice.&nbsp; Il s\u2019agit d\u2019un parcours de formation dont vous choisirez les modules compl\u00e9mentaires qui correspondent le plus \u00e0 vos besoins.&nbsp; Nous vous [&hellip;]<\/p>","protected":false},"author":1,"featured_media":6172,"comment_status":"open","ping_status":"open","sticky":false,"template":"","format":"standard","meta":{"_acf_changed":false,"_seopress_robots_primary_cat":"","_seopress_titles_title":"","_seopress_titles_desc":"","_seopress_robots_index":"","_formation_external_id":"","_formation_date_debut":"","_formation_date_fin":"","_formation_heure_debut":"","_formation_heure_fin":"","_formation_cancelled":"","_formation_youtube":"","_formation_tarif":0,"_formation_info_date":"","_formation_info_diagnostic_oui":"","_formation_nom_formateur":"","_formation_prenom_formateur":"","_formation_nom_formateur2":"","_formation_prenom_formateur2":"","_formation_public":"","_formation_objectif":"","_formation_methodologie":"","_formation_itineraire":"","_formation_tarif_cs":0,"_formation_tarif_preferentiel":0,"_formation_info_diagnostic":"","_formation_localite":"","_formation_id_is_distant":"","_formation_heure_label":"","_formation_reference":"","_formation_presentation":"","_formation_archived":"","footnotes":""},"categories":[188],"tags":[],"class_list":["post-6169","post","type-post","status-publish","format-standard","has-post-thumbnail","hentry","category-news"],"acf":[],"_links":{"self":[{"href":"https:\/\/devs.openbaz.be\/stics\/wp-json\/wp\/v2\/posts\/6169","targetHints":{"allow":["GET"]}}],"collection":[{"href":"https:\/\/devs.openbaz.be\/stics\/wp-json\/wp\/v2\/posts"}],"about":[{"href":"https:\/\/devs.openbaz.be\/stics\/wp-json\/wp\/v2\/types\/post"}],"author":[{"embeddable":true,"href":"https:\/\/devs.openbaz.be\/stics\/wp-json\/wp\/v2\/users\/1"}],"replies":[{"embeddable":true,"href":"https:\/\/devs.openbaz.be\/stics\/wp-json\/wp\/v2\/comments?post=6169"}],"version-history":[{"count":0,"href":"https:\/\/devs.openbaz.be\/stics\/wp-json\/wp\/v2\/posts\/6169\/revisions"}],"wp:featuredmedia":[{"embeddable":true,"href":"https:\/\/devs.openbaz.be\/stics\/wp-json\/wp\/v2\/media\/6172"}],"wp:attachment":[{"href":"https:\/\/devs.openbaz.be\/stics\/wp-json\/wp\/v2\/media?parent=6169"}],"wp:term":[{"taxonomy":"category","embeddable":true,"href":"https:\/\/devs.openbaz.be\/stics\/wp-json\/wp\/v2\/categories?post=6169"},{"taxonomy":"post_tag","embeddable":true,"href":"https:\/\/devs.openbaz.be\/stics\/wp-json\/wp\/v2\/tags?post=6169"}],"curies":[{"name":"wp","href":"https:\/\/api.w.org\/{rel}","templated":true}]}}