{"id":6136,"date":"2025-04-07T10:17:00","date_gmt":"2025-04-07T08:17:00","guid":{"rendered":"https:\/\/devs.openbaz.be\/stics\/?p=6136"},"modified":"2025-04-07T10:17:00","modified_gmt":"2025-04-07T08:17:00","slug":"modules-formation-accompagnateur-rices-en-gestion-equipes-educatives-inscriptions","status":"publish","type":"post","link":"https:\/\/devs.openbaz.be\/stics\/modules-formation-accompagnateur-rices-en-gestion-equipes-educatives-inscriptions\/","title":{"rendered":"Modules de formation d\u2019accompagnateur\u00b7rices en gestion d\u2019\u00e9quipes \u00e9ducatives&nbsp;: nouveau module disponible \u00e0 Bruxelles"},"content":{"rendered":"\n<p class=\"wp-block-paragraph\">L\u2019Observatoire du climat scolaire vous propose, dans le cadre de la nouvelle politique en mati\u00e8re d\u2019am\u00e9lioration du climat scolaire, une nouvelle \u00e9dition de la formation gestion d\u2019\u00e9quipes \u00e9ducatives\/ gestion de projet \u00e0 destination des op\u00e9rateurs de terrain (de mani\u00e8re totalement volontaire et gratuite). Cette formation est destin\u00e9e \u00e0 la fois aux op\u00e9rateurs d\u00e9j\u00e0 agr\u00e9\u00e9s et \u00e0 ceux qui ne le sont pas encore.<\/p>\n\n\n\n<h2 class=\"wp-block-heading\">Pourquoi suivre cette formation&nbsp;?<\/h2>\n\n\n\n<p class=\"wp-block-paragraph\">Cette formation, propos\u00e9e sur 4 jours (deux journ\u00e9es en pr\u00e9sentiel et deux matin\u00e9es \u00e0 distance), vous permettra de d\u00e9velopper les comp\u00e9tences suivantes&nbsp;:<\/p>\n\n\n\n<ul class=\"wp-block-list\">\n<li>Structurer et animer un projet scolaire<\/li>\n\n\n\n<li>F\u00e9d\u00e9rer et accompagner une \u00e9quipe \u00e9ducative<\/li>\n\n\n\n<li>Adapter et transmettre des outils p\u00e9dagogiques<\/li>\n\n\n\n<li>Dispenser une formation engageante et efficace<\/li>\n<\/ul>\n\n\n\n<h2 class=\"wp-block-heading\">Journ\u00e9es-types&nbsp;: programme <\/h2>\n\n\n\n<p class=\"wp-block-paragraph\"><strong>&#x1f4c5; Programme (2,5 jours \u2013 hybride pr\u00e9sentiel\/distanciel)<\/strong><\/p>\n\n\n\n<p class=\"wp-block-paragraph\"><strong>Jour 1 (Distanciel \u2013 2h)<\/strong><\/p>\n\n\n\n<ul class=\"wp-block-list\">\n<li><strong>Introduction \u00e0 la gestion de projet et \u00e0 l\u2019accompagnement du changement<\/strong>\n<ul class=\"wp-block-list\">\n<li>Recueil des attentes des participants<\/li>\n\n\n\n<li>Partage d\u2019exp\u00e9riences et premiers \u00e9changes<\/li>\n<\/ul>\n<\/li>\n<\/ul>\n\n\n\n<p class=\"wp-block-paragraph\"><strong>Jour 2 (Pr\u00e9sentiel \u2013 6h)<\/strong><\/p>\n\n\n\n<ul class=\"wp-block-list\">\n<li><strong>Initier et structurer un projet scolaire<\/strong>\n<ul class=\"wp-block-list\">\n<li>Diagnostic climat scolaire&nbsp;: m\u00e9thodes et outils<\/li>\n\n\n\n<li>Mobilisation et engagement des \u00e9quipes \u00e9ducatives<\/li>\n\n\n\n<li>Gestion des r\u00e9sistances au changement<\/li>\n\n\n\n<li>Ateliers pratiques&nbsp;: \u00e9tudes de cas et mises en situation<\/li>\n<\/ul>\n<\/li>\n<\/ul>\n\n\n\n<p class=\"wp-block-paragraph\"><strong>Jour 3 (Pr\u00e9sentiel \u2013 6h)<\/strong><\/p>\n\n\n\n<ul class=\"wp-block-list\">\n<li><strong>Piloter un projet et animer une formation<\/strong>\n<ul class=\"wp-block-list\">\n<li>Structurer et planifier un projet avec des outils concrets<\/li>\n\n\n\n<li>Techniques d\u2019animation et de communication engageantes<\/li>\n\n\n\n<li>Leadership et postures d\u2019accompagnement<\/li>\n\n\n\n<li>\u00c9laboration d\u2019une formation et transmission des comp\u00e9tences<\/li>\n<\/ul>\n<\/li>\n<\/ul>\n\n\n\n<p class=\"wp-block-paragraph\"><strong>Jour 4 (Distanciel \u2013 2h)<\/strong><\/p>\n\n\n\n<ul class=\"wp-block-list\">\n<li><strong>\u00c9valuer et p\u00e9renniser un projet<\/strong>\n<ul class=\"wp-block-list\">\n<li>Techniques d\u2019\u00e9valuation et d\u2019am\u00e9lioration continue<\/li>\n\n\n\n<li>Capitalisation des apprentissages et retour d\u2019exp\u00e9riences<\/li>\n<\/ul>\n<\/li>\n<\/ul>\n\n\n\n<p class=\"wp-block-paragraph\"><br><\/p>\n\n\n\n<p class=\"has-vivid-red-color has-text-color has-link-color has-small-font-size wp-elements-a7ab7f3296a5553579bffc097176c9ea wp-block-paragraph\"><strong>Pour rappel, aucune de ces formations ne conditionne l\u2019agr\u00e9ment d\u00e9livr\u00e9 par la F\u00e9d\u00e9ration Wallonie-Bruxelles. Vous pourrez cependant \u00e9videmment les valoriser lors de votre demande d\u2019agr\u00e9ment afin de justifier votre expertise quant \u00e0 la th\u00e9matique.<\/strong><\/p>\n\n\n\n<h2 class=\"wp-block-heading\">2,5 journ\u00e9es de formation dont 2&#215;2 heures en distanciel <br>(6h\/jour + 2 x 2h, soit 16h\/module)<\/h2>\n\n\n\n<h3 class=\"wp-block-heading has-text-align-center\">1 session \u00e0 Mons (Auberge de Jeunesse)<\/h3>\n\n\n\n<figure class=\"wp-block-table\"><table class=\"has-fixed-layout\"><tbody><tr><td>Jour 1 distanciel (2h)&nbsp;: 10h-12h<\/td><td>Jour 2 pr\u00e9sentiel (6h)&nbsp;: 9h30-16h30<\/td><td>Jour 3 pr\u00e9sentiel (6h)&nbsp;: 9h30-16h30<\/td><td>Jour 4 distanciel (2h)&nbsp;: 10h-12h<\/td><\/tr><tr><td><strong>18\/03\/2025<\/strong><\/td><td><strong>25\/03\/2025<\/strong><\/td><td><strong>26\/03\/2025<\/strong><\/td><td><strong>01\/04\/2025<\/strong><\/td><\/tr><\/tbody><\/table><\/figure>\n\n\n\n<p class=\"wp-block-paragraph\"><br><\/p>\n\n\n\n<div class=\"wp-block-buttons is-content-justification-center is-layout-flex wp-container-core-buttons-is-layout-3e41869c wp-block-buttons-is-layout-flex\">\n<div class=\"wp-block-button is-style-outline is-style-outline--1\"><a class=\"wp-block-button__link has-vivid-red-color has-text-color has-link-color has-text-align-center wp-element-button\">Il n&#8217;est plus possible de s&#8217;inscrire pour ce module<\/a><\/div>\n<\/div>\n\n\n\n<p class=\"wp-block-paragraph\"><br><\/p>\n\n\n\n<h3 class=\"wp-block-heading has-text-align-center has-black-color has-text-color has-link-color wp-elements-9688eb0647852ccecba6865fb029c66c\">1 session \u00e0 <strong>Li\u00e8ge <\/strong>(Auberge de Jeunesse)<\/h3>\n\n\n\n<figure class=\"wp-block-table\"><table class=\"has-fixed-layout\"><tbody><tr><td>Jour 1 distanciel (2h)&nbsp;: 10h-12h<\/td><td>Jour 2 pr\u00e9sentiel (6h)&nbsp;: 9h30-16h30<\/td><td>Jour 3 pr\u00e9sentiel (6h)&nbsp;: 9h30-16h30<\/td><td>Jour 4 distanciel (2h)&nbsp;: 10h-12h<\/td><\/tr><tr><td><strong>04\/04\/2025<\/strong><\/td><td><strong>07\/04\/2025<\/strong><\/td><td><strong>09\/04\/2025<\/strong><\/td><td><strong>11\/04\/2025<\/strong><\/td><\/tr><\/tbody><\/table><\/figure>\n\n\n\n<p class=\"wp-block-paragraph\"><br><\/p>\n\n\n\n<div class=\"wp-block-buttons is-content-justification-center is-layout-flex wp-container-core-buttons-is-layout-3e41869c wp-block-buttons-is-layout-flex\">\n<div class=\"wp-block-button is-style-outline is-style-outline--2\"><a class=\"wp-block-button__link has-vivid-red-color has-text-color has-link-color has-text-align-center wp-element-button\">Il n\u2019est plus possible de s\u2019inscrire pour ce module<\/a><\/div>\n<\/div>\n\n\n\n<p class=\"wp-block-paragraph\"><br><\/p>\n\n\n\n<h3 class=\"wp-block-heading has-text-align-center has-black-color has-text-color has-link-color wp-elements-182b67893e73428d2f1a760d06a400df\">2 sessions \u00e0 Bruxelles (STICS asbl)<\/h3>\n\n\n\n<figure class=\"wp-block-table\"><table class=\"has-fixed-layout\"><tbody><tr><td>Jour 1 distanciel (2h)&nbsp;: 10h-12h<\/td><td>Jour 2 pr\u00e9sentiel (6h)&nbsp;: 9h30-16h30<\/td><td>Jour 3 pr\u00e9sentiel (6h)&nbsp;: 9h30-16h30<\/td><td>Jour 4 distanciel (2h)&nbsp;: 10h-12h<\/td><\/tr><tr><td><strong>13\/05\/2025<\/strong><\/td><td><strong>19\/05\/2025<\/strong><\/td><td><strong>20\/05\/2025<\/strong><\/td><td><strong>26\/05\/2025<\/strong><\/td><\/tr><\/tbody><\/table><\/figure>\n\n\n\n<p class=\"wp-block-paragraph\"><br><\/p>\n\n\n\n<div class=\"wp-block-buttons is-content-justification-center is-layout-flex wp-container-core-buttons-is-layout-3e41869c wp-block-buttons-is-layout-flex\">\n<div class=\"wp-block-button has-custom-width wp-block-button__width-50 is-style-outline is-style-outline--3\"><a class=\"wp-block-button__link has-vivid-cyan-blue-color has-text-color has-link-color wp-element-button\" href=\"https:\/\/forminscriptionstics.netbaz.be\/form_stics_default\/index?formation=1400\" target=\"_blank\" rel=\"noreferrer noopener\">S&#8217;inscrire<\/a><\/div>\n<\/div>\n\n\n\n<p class=\"wp-block-paragraph\"><br><\/p>\n\n\n\n<figure class=\"wp-block-table\"><table class=\"has-fixed-layout\"><tbody><tr><td>Jour 1 distanciel (2h)&nbsp;: 10h-12h<\/td><td>Jour 2 pr\u00e9sentiel (6h)&nbsp;: 9h30-16h30<\/td><td>Jour 3 pr\u00e9sentiel (6h)&nbsp;: 9h30-16h30<\/td><td>Jour 4 distanciel (2h)&nbsp;: 10h-12h<\/td><\/tr><tr><td><strong>28\/05\/2025<\/strong><\/td><td><strong>02\/06\/2025<\/strong><\/td><td><strong>03\/06\/2025<\/strong><\/td><td><strong>11\/06\/2025<\/strong><\/td><\/tr><\/tbody><\/table><\/figure>\n\n\n\n<p class=\"wp-block-paragraph\"><br><\/p>\n\n\n\n<div class=\"wp-block-buttons is-content-justification-center is-layout-flex wp-container-core-buttons-is-layout-3e41869c wp-block-buttons-is-layout-flex\">\n<div class=\"wp-block-button is-style-outline is-style-outline--4\"><a class=\"wp-block-button__link has-vivid-red-color has-text-color has-link-color has-text-align-center wp-element-button\">Il n&#8217;est plus possible de s&#8217;inscrire pour ce module<\/a><\/div>\n<\/div>\n\n\n\n<p class=\"wp-block-paragraph\"><\/p>\n\n\n\n<h2 class=\"wp-block-heading\">Des questions&nbsp;?<\/h2>\n\n\n\n<p class=\"wp-block-paragraph\">Pour toute question relative \u00e0 ces formations, leur contenu ou les modalit\u00e9s d\u2019inscription, vous pouvez nous contacter par mail via l\u2019adresse&nbsp;<a href=\"mailto:observatoire.climat@cfwb.be\" target=\"_blank\" rel=\"noreferrer noopener\">observatoire.climat@cfwb.be<\/a>.<\/p>\n\n\n\n<figure class=\"wp-block-image aligncenter size-full is-resized\"><img alt=\"\" fetchpriority=\"high\" decoding=\"async\" width=\"720\" height=\"320\" src=\"https:\/\/devs.openbaz.be\/stics\/wp-content\/uploads\/2025\/02\/Capture-decran-2025-02-03-a-16.48.33.png\" alt=\"\" class=\"wp-image-6146\" style=\"width:454px;height:auto\" srcset=\"https:\/\/devs.openbaz.be\/stics\/wp-content\/uploads\/2025\/02\/Capture-decran-2025-02-03-a-16.48.33.png 720w, https:\/\/devs.openbaz.be\/stics\/wp-content\/uploads\/2025\/02\/Capture-decran-2025-02-03-a-16.48.33-600x267.png 600w, https:\/\/devs.openbaz.be\/stics\/wp-content\/uploads\/2025\/02\/Capture-decran-2025-02-03-a-16.48.33-300x133.png 300w\" sizes=\"(max-width: 720px) 100vw, 720px\" \/><\/figure>","protected":false},"excerpt":{"rendered":"<p>L\u2019Observatoire du climat scolaire vous propose, dans le cadre de la nouvelle politique en mati\u00e8re d\u2019am\u00e9lioration du climat scolaire, une nouvelle \u00e9dition de la formation gestion d\u2019\u00e9quipes \u00e9ducatives\/ gestion de projet \u00e0 destination des op\u00e9rateurs de terrain (de mani\u00e8re totalement volontaire et gratuite). Cette formation est destin\u00e9e \u00e0 la fois aux op\u00e9rateurs d\u00e9j\u00e0 agr\u00e9\u00e9s et [&hellip;]<\/p>","protected":false},"author":1,"featured_media":6148,"comment_status":"open","ping_status":"open","sticky":false,"template":"","format":"standard","meta":{"_acf_changed":false,"_seopress_robots_primary_cat":"","_seopress_titles_title":"","_seopress_titles_desc":"","_seopress_robots_index":"","_formation_external_id":"","_formation_date_debut":"","_formation_date_fin":"","_formation_heure_debut":"","_formation_heure_fin":"","_formation_cancelled":"","_formation_youtube":"","_formation_tarif":0,"_formation_info_date":"","_formation_info_diagnostic_oui":"","_formation_nom_formateur":"","_formation_prenom_formateur":"","_formation_nom_formateur2":"","_formation_prenom_formateur2":"","_formation_public":"","_formation_objectif":"","_formation_methodologie":"","_formation_itineraire":"","_formation_tarif_cs":0,"_formation_tarif_preferentiel":0,"_formation_info_diagnostic":"","_formation_localite":"","_formation_id_is_distant":"","_formation_heure_label":"","_formation_reference":"","_formation_presentation":"","_formation_archived":"","footnotes":""},"categories":[188],"tags":[],"class_list":["post-6136","post","type-post","status-publish","format-standard","has-post-thumbnail","hentry","category-news"],"acf":[],"_links":{"self":[{"href":"https:\/\/devs.openbaz.be\/stics\/wp-json\/wp\/v2\/posts\/6136","targetHints":{"allow":["GET"]}}],"collection":[{"href":"https:\/\/devs.openbaz.be\/stics\/wp-json\/wp\/v2\/posts"}],"about":[{"href":"https:\/\/devs.openbaz.be\/stics\/wp-json\/wp\/v2\/types\/post"}],"author":[{"embeddable":true,"href":"https:\/\/devs.openbaz.be\/stics\/wp-json\/wp\/v2\/users\/1"}],"replies":[{"embeddable":true,"href":"https:\/\/devs.openbaz.be\/stics\/wp-json\/wp\/v2\/comments?post=6136"}],"version-history":[{"count":0,"href":"https:\/\/devs.openbaz.be\/stics\/wp-json\/wp\/v2\/posts\/6136\/revisions"}],"wp:featuredmedia":[{"embeddable":true,"href":"https:\/\/devs.openbaz.be\/stics\/wp-json\/wp\/v2\/media\/6148"}],"wp:attachment":[{"href":"https:\/\/devs.openbaz.be\/stics\/wp-json\/wp\/v2\/media?parent=6136"}],"wp:term":[{"taxonomy":"category","embeddable":true,"href":"https:\/\/devs.openbaz.be\/stics\/wp-json\/wp\/v2\/categories?post=6136"},{"taxonomy":"post_tag","embeddable":true,"href":"https:\/\/devs.openbaz.be\/stics\/wp-json\/wp\/v2\/tags?post=6136"}],"curies":[{"name":"wp","href":"https:\/\/api.w.org\/{rel}","templated":true}]}}