{"id":6132,"date":"2025-01-29T16:42:49","date_gmt":"2025-01-29T15:42:49","guid":{"rendered":"https:\/\/devs.openbaz.be\/stics\/?p=6132"},"modified":"2025-01-29T16:42:49","modified_gmt":"2025-01-29T15:42:49","slug":"agenda-presentation-du-manuel-du-leader-social-au-press-club-brussels-europe","status":"publish","type":"post","link":"https:\/\/devs.openbaz.be\/stics\/agenda-presentation-du-manuel-du-leader-social-au-press-club-brussels-europe\/","title":{"rendered":"[AGENDA] Pr\u00e9sentation du Manuel du leader social au Press Club Brussels Europe"},"content":{"rendered":"\n<p class=\"wp-block-paragraph\">Face \u00e0 la complexification des enjeux sociaux, humanitaires, environnementaux et citoyens, un leadership renouvel\u00e9 et efficace est plus que jamais n\u00e9cessaire. C\u2019est dans ce contexte que Fran\u00e7ois Ballestero, sp\u00e9cialiste de l\u2019accompagnement au changement organisationnel et du leadership strat\u00e9gique, publie le \u201cManuel du leader social\u201d, co-\u00e9dit\u00e9 par le STICS et Couleur Livres.<\/p>\n\n\n\n<p class=\"wp-block-paragraph\">L\u2019auteur propose un ouvrage unique combinant r\u00e9cit illustratif et outils pratiques. En effet, le livre suit le parcours fictif de Marco qui devient un leader syndical accompli gr\u00e2ce \u00e0 sa volont\u00e9 et \u00e0 des outils concrets (250 pages). La seconde partie (150 pages) offre une approche m\u00e9thodologique et technique avec des apports directement applicables pour renforcer les comp\u00e9tences et l\u2019efficacit\u00e9 des acteurs sociaux.<\/p>\n\n\n\n<p class=\"wp-block-paragraph\">Cet ouvrage s\u2019adresse \u00e0 tous les citoyens engag\u00e9s dans les domaines social, environnemental, de la citoyennet\u00e9, de la justice et de l\u2019\u00e9galit\u00e9.<br>Fran\u00e7ois Ballestero conjugue une approche pragmatique du changement et une sensibilit\u00e9 profonde aux enjeux de soci\u00e9t\u00e9, fruit de sa double exp\u00e9rience de syndicaliste et de consultant, coach et formateur aupr\u00e8s d\u2019institutions publiques et d\u2019associations.<\/p>\n\n\n\n<h2 class=\"wp-block-heading\">Infos pratiques<\/h2>\n\n\n\n<p class=\"wp-block-paragraph\">Lundi 3 f\u00e9vrier 2025<br>Heure&nbsp;: 11h00 \u2013 12h30<br>Lieu&nbsp;: Lounge du Press Club, rue Froissard, 95 \u00e0 1040 Bruxelles<br>Contact&nbsp;: <a href=\"mailto:com@stics.be\">com@stics.be<\/a><\/p>","protected":false},"excerpt":{"rendered":"<p>Face \u00e0 la complexification des enjeux sociaux, humanitaires, environnementaux et citoyens, un leadership renouvel\u00e9 et efficace est plus que jamais n\u00e9cessaire. C\u2019est dans ce contexte que Fran\u00e7ois Ballestero, sp\u00e9cialiste de l\u2019accompagnement au changement organisationnel et du leadership strat\u00e9gique, publie le \u201cManuel du leader social\u201d, co-\u00e9dit\u00e9 par le STICS et Couleur Livres. L\u2019auteur propose un ouvrage [&hellip;]<\/p>","protected":false},"author":1,"featured_media":5656,"comment_status":"open","ping_status":"open","sticky":false,"template":"","format":"standard","meta":{"_acf_changed":false,"_seopress_robots_primary_cat":"","_seopress_titles_title":"","_seopress_titles_desc":"","_seopress_robots_index":"","_formation_external_id":"","_formation_date_debut":"","_formation_date_fin":"","_formation_heure_debut":"","_formation_heure_fin":"","_formation_cancelled":"","_formation_youtube":"","_formation_tarif":0,"_formation_info_date":"","_formation_info_diagnostic_oui":"","_formation_nom_formateur":"","_formation_prenom_formateur":"","_formation_nom_formateur2":"","_formation_prenom_formateur2":"","_formation_public":"","_formation_objectif":"","_formation_methodologie":"","_formation_itineraire":"","_formation_tarif_cs":0,"_formation_tarif_preferentiel":0,"_formation_info_diagnostic":"","_formation_localite":"","_formation_id_is_distant":"","_formation_heure_label":"","_formation_reference":"","_formation_presentation":"","_formation_archived":"","footnotes":""},"categories":[188],"tags":[],"class_list":["post-6132","post","type-post","status-publish","format-standard","has-post-thumbnail","hentry","category-news"],"acf":[],"_links":{"self":[{"href":"https:\/\/devs.openbaz.be\/stics\/wp-json\/wp\/v2\/posts\/6132","targetHints":{"allow":["GET"]}}],"collection":[{"href":"https:\/\/devs.openbaz.be\/stics\/wp-json\/wp\/v2\/posts"}],"about":[{"href":"https:\/\/devs.openbaz.be\/stics\/wp-json\/wp\/v2\/types\/post"}],"author":[{"embeddable":true,"href":"https:\/\/devs.openbaz.be\/stics\/wp-json\/wp\/v2\/users\/1"}],"replies":[{"embeddable":true,"href":"https:\/\/devs.openbaz.be\/stics\/wp-json\/wp\/v2\/comments?post=6132"}],"version-history":[{"count":0,"href":"https:\/\/devs.openbaz.be\/stics\/wp-json\/wp\/v2\/posts\/6132\/revisions"}],"wp:featuredmedia":[{"embeddable":true,"href":"https:\/\/devs.openbaz.be\/stics\/wp-json\/wp\/v2\/media\/5656"}],"wp:attachment":[{"href":"https:\/\/devs.openbaz.be\/stics\/wp-json\/wp\/v2\/media?parent=6132"}],"wp:term":[{"taxonomy":"category","embeddable":true,"href":"https:\/\/devs.openbaz.be\/stics\/wp-json\/wp\/v2\/categories?post=6132"},{"taxonomy":"post_tag","embeddable":true,"href":"https:\/\/devs.openbaz.be\/stics\/wp-json\/wp\/v2\/tags?post=6132"}],"curies":[{"name":"wp","href":"https:\/\/api.w.org\/{rel}","templated":true}]}}