{"id":5690,"date":"2025-03-03T11:19:00","date_gmt":"2025-03-03T10:19:00","guid":{"rendered":"https:\/\/devs.openbaz.be\/stics\/?p=5690"},"modified":"2025-03-03T11:19:00","modified_gmt":"2025-03-03T10:19:00","slug":"colloque-analyse-impact-action-sociale-inscriptions","status":"publish","type":"post","link":"https:\/\/devs.openbaz.be\/stics\/colloque-analyse-impact-action-sociale-inscriptions\/","title":{"rendered":"L&#8217;analyse de l&#8217;impact dans l&#8217;action sociale&nbsp;: inscrivez-vous \u00e0 notre colloque"},"content":{"rendered":"\n<figure class=\"wp-block-image size-full\"><img alt=\"\" fetchpriority=\"high\" decoding=\"async\" width=\"1778\" height=\"888\" src=\"https:\/\/devs.openbaz.be\/stics\/wp-content\/uploads\/2025\/01\/Capture-decran-2025-01-17-a-11.41.29.png\" alt=\"\" class=\"wp-image-6065\" srcset=\"https:\/\/devs.openbaz.be\/stics\/wp-content\/uploads\/2025\/01\/Capture-decran-2025-01-17-a-11.41.29.png 1778w, https:\/\/devs.openbaz.be\/stics\/wp-content\/uploads\/2025\/01\/Capture-decran-2025-01-17-a-11.41.29-600x300.png 600w, https:\/\/devs.openbaz.be\/stics\/wp-content\/uploads\/2025\/01\/Capture-decran-2025-01-17-a-11.41.29-300x150.png 300w, https:\/\/devs.openbaz.be\/stics\/wp-content\/uploads\/2025\/01\/Capture-decran-2025-01-17-a-11.41.29-1024x511.png 1024w, https:\/\/devs.openbaz.be\/stics\/wp-content\/uploads\/2025\/01\/Capture-decran-2025-01-17-a-11.41.29-768x384.png 768w, https:\/\/devs.openbaz.be\/stics\/wp-content\/uploads\/2025\/01\/Capture-decran-2025-01-17-a-11.41.29-1536x767.png 1536w\" sizes=\"(max-width: 1778px) 100vw, 1778px\" \/><\/figure>\n\n\n\n<p class=\"has-cyan-bluish-gray-background-color has-background wp-block-paragraph\"><strong>Date&nbsp;:<\/strong> 9 avril 2025 \u2013 8:30-16:30<br><strong>Lieu&nbsp;:<\/strong> Infrabel Academy, <a href=\"https:\/\/g.co\/kgs\/5dWKiFV\" target=\"_blank\" rel=\"noreferrer noopener\">rue Dubois-Thorn 50, 1080 Molenbeek-Saint-Jean<\/a><br><strong>P.A.F. Services publics&nbsp;:<\/strong> 110,00&nbsp;\u20ac <br><strong>P.A.F. Secteur associatif&nbsp;:<\/strong> 90,00&nbsp;\u20ac<br><strong>P.A.F. \u00c9tudiant\u00b7e\u00b7s, demandeur\u00b7euse\u00b7s d&#8217;emploi et retrait\u00e9\u00b7e\u00b7s<\/strong> <strong>:<\/strong> 90,00&nbsp;\u20ac<br><br><a href=\"https:\/\/devs.openbaz.be\/stics\/conditions-generales-de-vente\/\" target=\"_blank\" rel=\"noreferrer noopener\">Conditions g\u00e9n\u00e9rales de vente<\/a><br><\/p>\n\n\n\n<p class=\"has-text-align-center has-vivid-red-color has-text-color has-link-color has-medium-font-size wp-elements-74849662720cfc3709cf3bd1cc9fd093 wp-block-paragraph\"><br><strong>Les inscriptions au colloque sont \u00e0 pr\u00e9sent cl\u00f4tur\u00e9es<\/strong><\/p>\n\n\n\n<p class=\"has-text-align-center has-vivid-red-color has-text-color has-link-color has-medium-font-size wp-elements-708444c43e2596377fc5593e774bc7cd wp-block-paragraph\"><br><\/p>\n\n\n\n<p class=\"wp-block-paragraph\">Face aux grands d\u00e9fis sociaux et environnementaux qui persistent, il est devenu urgent de repenser la mani\u00e8re dont nous mesurons et \u00e9valuons l\u2019impact des actions collectives. Bien que de nombreuses initiatives soient mises en place pour r\u00e9pondre aux in\u00e9galit\u00e9s sociales, \u00e0 la pr\u00e9carit\u00e9 ou encore aux enjeux \u00e9cologiques, les outils d\u2019\u00e9valuation existants sont souvent jug\u00e9s insuffisants et mal adapt\u00e9s.<\/p>\n\n\n\n<p class=\"wp-block-paragraph\">C\u2019est pourquoi, dans la continuit\u00e9 de la publication de son <a href=\"https:\/\/devs.openbaz.be\/stics\/wp-content\/uploads\/2024\/03\/publication-analyse-impact-action-sociale-002.pdf\" target=\"_blank\" rel=\"noreferrer noopener\">guide p\u00e9dagogique <em>L\u2019analyse d\u2019impact dans l\u2019action sociale<\/em><\/a>, le STICS organise, en partenariat avec la Commission communautaire fran\u00e7aise (COCOF), cette journ\u00e9e de s\u00e9minaire, pour faire avancer le d\u00e9bat sur l\u2019\u00e9valuation de l\u2019impact social et encourager une r\u00e9flexion commune entre les acteurs publics, priv\u00e9s et associatifs. \u00c0 travers des pr\u00e9sentations, des ateliers et des \u00e9changes, cet \u00e9v\u00e9nement vise \u00e0 red\u00e9finir les crit\u00e8res et les m\u00e9thodes d\u2019\u00e9valuation, en int\u00e9grant des indicateurs qualitatifs et quantitatifs adapt\u00e9s aux enjeux actuels.<\/p>\n\n\n\n<h2 class=\"wp-block-heading\"><strong>Objectifs du colloque<\/strong><\/h2>\n\n\n\n<ul class=\"wp-block-list\">\n<li><strong>D\u00e9mystifier l\u2019\u00e9valuation d\u2019impact<\/strong> : trop souvent per\u00e7ue comme une contrainte administrative, l\u2019\u00e9valuation d\u2019impact doit \u00eatre rendue plus accessible et comprendre son r\u00f4le essentiel dans l\u2019am\u00e9lioration des politiques sociales et de l\u2019action publique.<br><\/li>\n\n\n\n<li><strong>Proposer des outils pratiques<\/strong> : mettre en avant des m\u00e9thodes concr\u00e8tes et des exemples d\u2019outils permettant de mesurer de mani\u00e8re efficace l\u2019impact des actions sociales, tant au niveau local que national.<br><\/li>\n\n\n\n<li><strong>Encourager la coop\u00e9ration intersectorielle<\/strong> : promouvoir des partenariats entre les secteurs public, priv\u00e9 et associatif, afin de maximiser l\u2019efficacit\u00e9 des actions collectives.<br><\/li>\n\n\n\n<li><strong>Mettre l\u2019accent sur les valeurs<\/strong> : l\u2019\u00e9valuation ne doit pas seulement mesurer les r\u00e9sultats en termes de chiffres, mais aussi prendre en compte des dimensions \u00e9thiques, sociales et environnementales, afin d\u2019orienter les politiques vers plus de justice sociale et d\u2019\u00e9quit\u00e9.<\/li>\n<\/ul>\n\n\n\n<p class=\"wp-block-paragraph\">Cet \u00e9v\u00e9nement est une occasion unique de participer \u00e0 une r\u00e9flexion essentielle sur la mani\u00e8re dont les actions sociales peuvent \u00eatre mieux mesur\u00e9es, \u00e9valu\u00e9es et am\u00e9lior\u00e9es, pour un impact tangible sur la soci\u00e9t\u00e9 et l\u2019environnement.<\/p>\n\n\n\n<h2 class=\"wp-block-heading\">D\u00e9roulement de la journ\u00e9e<\/h2>\n\n\n\n<h3 class=\"wp-block-heading\">Allocutions introductives<\/h3>\n\n\n\n<p class=\"wp-block-paragraph\">Deux experts lanceront la r\u00e9flexion sur les axes de travail de la journ\u00e9e&nbsp;:<\/p>\n\n\n\n<ul class=\"wp-block-list\">\n<li><strong>Tony Bernard<\/strong>, directeur g\u00e9n\u00e9ral d\u2019Impact Tank, partagera les enseignements des Sommets de la mesure d\u2019impact, en mettant l\u2019accent sur le r\u00f4le des entreprises dans l\u2019int\u00e9r\u00eat g\u00e9n\u00e9ral.<br><\/li>\n\n\n\n<li><strong>William Pariente<\/strong>, professeur en \u00e9conomie \u00e0 l\u2019UCLouvain, pr\u00e9sentera des exp\u00e9riences d\u2019\u00e9valuations randomis\u00e9es appliqu\u00e9es aux politiques publiques, notamment dans les pays non europ\u00e9ens.<br><\/li>\n<\/ul>\n\n\n\n<h3 class=\"wp-block-heading\">Ateliers participatifs<\/h3>\n\n\n\n<p class=\"wp-block-paragraph\">Quatre ateliers, organis\u00e9s en parall\u00e8le, permettront d\u2019explorer des th\u00e9matiques cl\u00e9s li\u00e9es \u00e0 la mesure d\u2019impact&nbsp;:<\/p>\n\n\n\n<ul class=\"wp-block-list\">\n<li><strong>Atelier 1&nbsp;: Impact social et sant\u00e9<\/strong><br>Analyse des indicateurs et des \u00e9tudes de cas pour \u00e9valuer l\u2019efficacit\u00e9 des politiques sociales et de sant\u00e9, et discussion sur leur influence sur les d\u00e9cisions politiques.<\/li>\n\n\n\n<li><strong>Atelier 2&nbsp;: \u00c9conomie et \u00e9cologie<\/strong><br>\u00c9tude des liens entre transition \u00e9cologique, croissance \u00e9conomique et \u00e9valuation d\u2019impact, avec des exemples de tensions et synergies entre ces concepts.<\/li>\n\n\n\n<li><strong>Atelier 3&nbsp;: Participation et collaboration<\/strong><br>Exploration du r\u00f4le des parties prenantes (usagers, travailleurs, habitants) dans l\u2019\u00e9valuation d\u2019impact, en examinant les opportunit\u00e9s, limites et approches pour maximiser leur efficacit\u00e9.<\/li>\n\n\n\n<li><strong>Atelier 4&nbsp;: \u00c9valuer selon quelles valeurs&nbsp;?<\/strong><br>R\u00e9flexion sur l\u2019influence des valeurs \u00e9thiques et sociales (justice, climat, etc.) dans la conception des outils et indicateurs d\u2019\u00e9valuation.<\/li>\n<\/ul>\n\n\n\n<p class=\"wp-block-paragraph\"><br><strong>M\u00e9thodologie des ateliers&nbsp;:<\/strong> dans chaque atelier, plusieurs intervenant\u00b7e\u00b7s sp\u00e9cialis\u00e9\u00b7e\u00b7s se succ\u00e9deront pour pr\u00e9senter un cas concret. Chaque atelier sera ponctu\u00e9 d&#8217;une discussion anim\u00e9e par une personne-ressource, qui questionnera intervenant\u00b7e\u00b7s et participant\u00b7e\u00b7s afin d&#8217;identifier convergences et divergences. <br><br><\/p>\n\n\n\n<h3 class=\"wp-block-heading\">S\u00e9ance pl\u00e9ni\u00e8re<\/h3>\n\n\n\n<p class=\"wp-block-paragraph\">Les r\u00e9sultats de chaque atelier seront alors restitu\u00e9s et mis en commun par un panel compos\u00e9 des quatre personnes-ressources, pour ensuite \u00eatre confront\u00e9s aux regards des deux experts.<br><br><\/p>\n\n\n\n<h3 class=\"wp-block-heading\">Conclusion<\/h3>\n\n\n\n<p class=\"wp-block-paragraph\">La journ\u00e9e sera cl\u00f4tur\u00e9e par Yves Coppieters, Ministre wallon de la Sant\u00e9, de l&#8217;Environnement, de l&#8217;Action sociale, de l&#8217;\u00c9conomie sociale, du Handicap, de la Lutte contre la pauvret\u00e9, de l&#8217;\u00c9galit\u00e9 des chances, des Droits des Femmes et Ministre du Gouvernement de la F\u00e9d\u00e9ration Wallonie-Bruxellesde charg\u00e9 de la Sant\u00e9, de l&#8217;\u00c9galit\u00e9 des chances et des Droits des femmes.<br><br><\/p>\n\n\n\n<div class=\"wp-block-buttons is-content-justification-center is-layout-flex wp-container-core-buttons-is-layout-3e41869c wp-block-buttons-is-layout-flex\">\n<div class=\"wp-block-button has-custom-width wp-block-button__width-75 has-custom-font-size is-style-outline is-style-outline--1\" style=\"font-size:20px\"><a class=\"wp-block-button__link has-luminous-vivid-orange-color has-white-background-color has-text-color has-background has-link-color wp-element-button\" href=\"https:\/\/devs.openbaz.be\/stics\/colloque-analyse-impact-action-sociale-programme-et-intervenant-e-s\/\" target=\"_blank\" rel=\"noreferrer noopener\">Programme et intervant\u00b7e\u00b7s<\/a><\/div>\n<\/div>\n\n\n\n<h2 class=\"wp-block-heading\">Inscrivez-vous d\u00e8s \u00e0 pr\u00e9sent<\/h2>\n\n\n\n<p class=\"wp-block-paragraph\">Ce s\u00e9minaire est ouvert aux responsables d\u2019associations, acteurs publics, organismes de la soci\u00e9t\u00e9 civile, entreprises et acteurs politiques impliqu\u00e9s dans l\u2019action sociale et l\u2019\u00e9valuation d\u2019impact.<\/p>\n\n\n\n<p class=\"wp-block-paragraph\">Pour vous inscrire, il vous suffit de compl\u00e9ter notre formulaire en ligne, en pr\u00e9cisant vos coordonn\u00e9es de contact et votre choix parmi les 4 ateliers th\u00e9matiques propos\u00e9s.<br><br>Pour valider votre inscription au colloque, nous vous demandons de bien vouloir verser le montant correspondant (en fonction de votre secteur d&#8217;activit\u00e9) sur le compte BE12 3100 1398 8092 (BIC: BBRUBEBB), en mentionnant la communication suivante&nbsp;: &#8220;Colloque IMPACT + Nom et pr\u00e9nom&#8221;.<\/p>\n\n\n\n<p class=\"wp-block-paragraph\">Le prix d\u2019entr\u00e9e donne acc\u00e8s \u00e0 l\u2019auditorium et un atelier au choix, au petit d\u00e9jeuner, lunch le midi, au verre de l\u2019amiti\u00e9 en fin de journ\u00e9e, ainsi qu&#8217;aux supports distribu\u00e9s pendant l&#8217;\u00e9v\u00e8nement ou virtuellement <em>a posteriori<\/em>.<\/p>\n\n\n\n<p class=\"wp-block-paragraph\">Pour toute question ou demande de renseignement, veuillez nous contacter par e-mail \u00e0 l&#8217;adresse <a href=\"mailto:com@stics.be\">com@stics.be<\/a>. <br><br><\/p>\n\n\n\n<div class=\"wp-block-buttons is-content-justification-center is-layout-flex wp-container-core-buttons-is-layout-3e41869c wp-block-buttons-is-layout-flex\">\n<div class=\"wp-block-button has-custom-width wp-block-button__width-75 has-custom-font-size\" style=\"font-size:20px\"><a class=\"wp-block-button__link has-white-color has-luminous-vivid-orange-background-color has-text-color has-background has-link-color wp-element-button\">Les inscriptions sont \u00e0 pr\u00e9sent cl\u00f4tur\u00e9es<\/a><\/div>\n<\/div>\n\n\n\n<p class=\"wp-block-paragraph\"><br><br><\/p>\n\n\n\n<figure class=\"wp-block-image aligncenter size-full is-resized\"><img alt=\"\" decoding=\"async\" width=\"1738\" height=\"522\" src=\"https:\/\/devs.openbaz.be\/stics\/wp-content\/uploads\/2024\/12\/Capture-decran-2024-12-06-a-12.12.04.png\" alt=\"\" class=\"wp-image-5701\" style=\"width:600px\" srcset=\"https:\/\/devs.openbaz.be\/stics\/wp-content\/uploads\/2024\/12\/Capture-decran-2024-12-06-a-12.12.04.png 1738w, https:\/\/devs.openbaz.be\/stics\/wp-content\/uploads\/2024\/12\/Capture-decran-2024-12-06-a-12.12.04-600x180.png 600w, https:\/\/devs.openbaz.be\/stics\/wp-content\/uploads\/2024\/12\/Capture-decran-2024-12-06-a-12.12.04-300x90.png 300w, https:\/\/devs.openbaz.be\/stics\/wp-content\/uploads\/2024\/12\/Capture-decran-2024-12-06-a-12.12.04-1024x308.png 1024w, https:\/\/devs.openbaz.be\/stics\/wp-content\/uploads\/2024\/12\/Capture-decran-2024-12-06-a-12.12.04-768x231.png 768w, https:\/\/devs.openbaz.be\/stics\/wp-content\/uploads\/2024\/12\/Capture-decran-2024-12-06-a-12.12.04-1536x461.png 1536w\" sizes=\"(max-width: 1738px) 100vw, 1738px\" \/><\/figure>\n\n\n\n<figure class=\"wp-block-image aligncenter size-full is-resized\"><img alt=\"\" decoding=\"async\" width=\"1422\" height=\"338\" src=\"https:\/\/devs.openbaz.be\/stics\/wp-content\/uploads\/2024\/12\/Capture-decran-2024-12-06-a-15.21.21.png\" alt=\"\" class=\"wp-image-5702\" style=\"width:350px\" srcset=\"https:\/\/devs.openbaz.be\/stics\/wp-content\/uploads\/2024\/12\/Capture-decran-2024-12-06-a-15.21.21.png 1422w, https:\/\/devs.openbaz.be\/stics\/wp-content\/uploads\/2024\/12\/Capture-decran-2024-12-06-a-15.21.21-600x143.png 600w, https:\/\/devs.openbaz.be\/stics\/wp-content\/uploads\/2024\/12\/Capture-decran-2024-12-06-a-15.21.21-300x71.png 300w, https:\/\/devs.openbaz.be\/stics\/wp-content\/uploads\/2024\/12\/Capture-decran-2024-12-06-a-15.21.21-1024x243.png 1024w, https:\/\/devs.openbaz.be\/stics\/wp-content\/uploads\/2024\/12\/Capture-decran-2024-12-06-a-15.21.21-768x183.png 768w\" sizes=\"(max-width: 1422px) 100vw, 1422px\" \/><\/figure>\n\n\n\n<p class=\"wp-block-paragraph\"><br><\/p>\n\n\n\n<p class=\"has-text-align-center has-small-font-size wp-block-paragraph\"><a href=\"https:\/\/devs.openbaz.be\/stics\/conditions-generales-de-vente\/\" target=\"_blank\" rel=\"noreferrer noopener\">Conditions g\u00e9n\u00e9rales de vente<\/a><\/p>","protected":false},"excerpt":{"rendered":"<p>Date&nbsp;: 9 avril 2025 \u2013 8:30-16:30Lieu&nbsp;: Infrabel Academy, rue Dubois-Thorn 50, 1080 Molenbeek-Saint-JeanP.A.F. Services publics&nbsp;: 110,00&nbsp;\u20ac P.A.F. Secteur associatif&nbsp;: 90,00&nbsp;\u20acP.A.F. \u00c9tudiant\u00b7e\u00b7s, demandeur\u00b7euse\u00b7s d&#8217;emploi et retrait\u00e9\u00b7e\u00b7s&nbsp;: 90,00&nbsp;\u20ac Conditions g\u00e9n\u00e9rales de vente Les inscriptions au colloque sont \u00e0 pr\u00e9sent cl\u00f4tur\u00e9es Face aux grands d\u00e9fis sociaux et environnementaux qui persistent, il est devenu urgent de repenser la [&hellip;]<\/p>","protected":false},"author":1,"featured_media":6111,"comment_status":"open","ping_status":"open","sticky":false,"template":"","format":"standard","meta":{"_acf_changed":false,"_seopress_robots_primary_cat":"","_seopress_titles_title":"","_seopress_titles_desc":"","_seopress_robots_index":"","_formation_external_id":"","_formation_date_debut":"","_formation_date_fin":"","_formation_heure_debut":"","_formation_heure_fin":"","_formation_cancelled":"","_formation_youtube":"","_formation_tarif":0,"_formation_info_date":"","_formation_info_diagnostic_oui":"","_formation_nom_formateur":"","_formation_prenom_formateur":"","_formation_nom_formateur2":"","_formation_prenom_formateur2":"","_formation_public":"","_formation_objectif":"","_formation_methodologie":"","_formation_itineraire":"","_formation_tarif_cs":0,"_formation_tarif_preferentiel":0,"_formation_info_diagnostic":"","_formation_localite":"","_formation_id_is_distant":"","_formation_heure_label":"","_formation_reference":"","_formation_presentation":"","_formation_archived":"","footnotes":""},"categories":[188],"tags":[],"class_list":["post-5690","post","type-post","status-publish","format-standard","has-post-thumbnail","hentry","category-news"],"acf":[],"_links":{"self":[{"href":"https:\/\/devs.openbaz.be\/stics\/wp-json\/wp\/v2\/posts\/5690","targetHints":{"allow":["GET"]}}],"collection":[{"href":"https:\/\/devs.openbaz.be\/stics\/wp-json\/wp\/v2\/posts"}],"about":[{"href":"https:\/\/devs.openbaz.be\/stics\/wp-json\/wp\/v2\/types\/post"}],"author":[{"embeddable":true,"href":"https:\/\/devs.openbaz.be\/stics\/wp-json\/wp\/v2\/users\/1"}],"replies":[{"embeddable":true,"href":"https:\/\/devs.openbaz.be\/stics\/wp-json\/wp\/v2\/comments?post=5690"}],"version-history":[{"count":0,"href":"https:\/\/devs.openbaz.be\/stics\/wp-json\/wp\/v2\/posts\/5690\/revisions"}],"wp:featuredmedia":[{"embeddable":true,"href":"https:\/\/devs.openbaz.be\/stics\/wp-json\/wp\/v2\/media\/6111"}],"wp:attachment":[{"href":"https:\/\/devs.openbaz.be\/stics\/wp-json\/wp\/v2\/media?parent=5690"}],"wp:term":[{"taxonomy":"category","embeddable":true,"href":"https:\/\/devs.openbaz.be\/stics\/wp-json\/wp\/v2\/categories?post=5690"},{"taxonomy":"post_tag","embeddable":true,"href":"https:\/\/devs.openbaz.be\/stics\/wp-json\/wp\/v2\/tags?post=5690"}],"curies":[{"name":"wp","href":"https:\/\/api.w.org\/{rel}","templated":true}]}}