{"id":5651,"date":"2024-12-19T13:19:39","date_gmt":"2024-12-19T12:19:39","guid":{"rendered":"https:\/\/devs.openbaz.be\/stics\/?p=5651"},"modified":"2024-12-19T13:19:39","modified_gmt":"2024-12-19T12:19:39","slug":"livre-manuel-du-leader-social-commandez-le-sur-notre-site","status":"publish","type":"post","link":"https:\/\/devs.openbaz.be\/stics\/livre-manuel-du-leader-social-commandez-le-sur-notre-site\/","title":{"rendered":"Livre \u00ab\u00a0Manuel du Leader social\u00a0\u00bb : commandez-le sur notre site"},"content":{"rendered":"\n<p class=\"wp-block-paragraph\">Envie d\u2019avoir un impact positif sur le monde&nbsp;? Ce manuel est fait pour vous&nbsp;!&nbsp;<\/p>\n\n\n\n<p class=\"wp-block-paragraph\">\u00c9dit\u00e9 chez Couleur Livres, le <em>Manuel du leader social <\/em>vous invite \u00e0 repenser le leadership en le rendant plus dynamique et plus humain. Oubliez les clich\u00e9s du chef autoritaire, ce livre s\u2019adresse \u00e0 celles et ceux qui veulent agir concr\u00e8tement sur le terrain et faire bouger les choses dans des domaines qui comptent&nbsp;: social, environnemental, \u00e9galit\u00e9, insertion, action syndicale\u2026<\/p>\n\n\n\n<p class=\"wp-block-paragraph\">Consid\u00e9rez ce livre comme un v\u00e9ritable guide pratique pour devenir un leader social efficace. Vous y trouverez des m\u00e9thodes et des outils simples \u00e0 utiliser, bas\u00e9s sur une approche syst\u00e9mique, les interrelations, la communication, l\u2019action et le d\u00e9veloppement personnel.&nbsp;<\/p>\n\n\n\n<p class=\"wp-block-paragraph\">En adoptant une perspective humaine et inclusive, cet ouvrage montre comment le leadership peut \u00eatre un levier de changement positif. Les pages du manuel regorgent d&#8217;exemples tr\u00e8s constructifs et de strat\u00e9gies \u00e0 mettre en \u0153uvre pour transformer les id\u00e9es en actions concr\u00e8tes, que ce soit \u00e0 petite \u00e9chelle ou dans des projets plus ambitieux.&nbsp;<\/p>\n\n\n\n<p class=\"wp-block-paragraph\">Pour toutes celles et ceux qui veulent changer le monde<em>Le Manuel du leader social<\/em>&nbsp;est un outil indispensable pour les acteurs dans le non-marchand, qu&#8217;ils soient d\u00e9butants ou confirm\u00e9s. Il invite chacun \u00e0 r\u00e9inventer son r\u00f4le de leader, en le rendant plus collaboratif et plus ancr\u00e9 dans les r\u00e9alit\u00e9s sociales et organisationnelles.<\/p>\n\n\n\n<p class=\"wp-block-paragraph\">Un livre indispensable pour toute personne d\u00e9sirant devenir acteur de changement.<\/p>\n\n\n\n<h2 class=\"wp-block-heading\">L&#8217;auteur&nbsp;: Fran\u00e7ois Ballestero<\/h2>\n\n\n\n<p class=\"wp-block-paragraph\">Sp\u00e9cialis\u00e9 dans l&#8217;accompagnement au changement organisationnel et le <em>leadership<\/em> strat\u00e9gique, Fran\u00e7ois Ballestero intervient dans les institutions publiques et le monde associatif comme consultant, coach et formateur (notamment au sein du STICS). <\/p>\n\n\n\n<p class=\"wp-block-paragraph\">Passionn\u00e9 par les questions sociales et la transmission, il a men\u00e9 une carri\u00e8re syndicale aux niveaux belge et europ\u00e9en. C&#8217;est fort de cette double exp\u00e9rience, conjuguant une approche pragmatique du changement et une sensibilit\u00e9 profonde aux enjeux de soci\u00e9t\u00e9, qu&#8217;il a con\u00e7u ce manuel.<\/p>\n\n\n\n<h2 class=\"wp-block-heading\">Commandez-le d\u00e8s aujourd&#8217;hui&nbsp;!<\/h2>\n\n\n\n<p class=\"wp-block-paragraph\">Vous pouvez le commander au prix de 35.00&nbsp;\u20ac (hors frais de port)* et vous le faire livrer \u00e0 l&#8217;adresse de votre choix (partout en Belgique ou en France) <a href=\"https:\/\/fr.surveymonkey.com\/r\/BLZ85NF\" target=\"_blank\" rel=\"noreferrer noopener\">en remplissant notre formulaire en ligne<\/a>.<br><br><\/p>\n\n\n\n<div class=\"wp-block-buttons is-content-justification-center is-layout-flex wp-container-core-buttons-is-layout-3e41869c wp-block-buttons-is-layout-flex\">\n<div class=\"wp-block-button has-custom-font-size is-style-outline has-medium-font-size is-style-outline--1\"><a class=\"wp-block-button__link has-pale-cyan-blue-background-color has-background has-text-align-left wp-element-button\" href=\"https:\/\/fr.surveymonkey.com\/r\/BLZ85NF\" target=\"_blank\" rel=\"noreferrer noopener\"><strong>Commander<\/strong><\/a><\/div>\n<\/div>\n\n\n\n<p class=\"wp-block-paragraph\"><br><br><\/p>\n\n\n\n<div data-wp-interactive=\"core\/file\" class=\"wp-block-file\"><object data-wp-bind--hidden=\"!state.hasPdfPreview\" hidden class=\"wp-block-file__embed\" data=\"https:\/\/devs.openbaz.be\/stics\/wp-content\/uploads\/2024\/11\/Preambule-Manuel-du-Leader-Social-281124.pdf\" type=\"application\/pdf\" style=\"width:100%;height:600px\" aria-label=\"Contenu embarqu\u00e9 Pre\u0301ambule Manuel du Leader Social.\"><\/object><a id=\"wp-block-file--media-b6d00378-7eb8-418b-8edf-394565c7ed40\" href=\"https:\/\/devs.openbaz.be\/stics\/wp-content\/uploads\/2024\/11\/Preambule-Manuel-du-Leader-Social-281124.pdf\">Pre\u0301ambule Manuel du Leader Social<\/a><a href=\"https:\/\/devs.openbaz.be\/stics\/wp-content\/uploads\/2024\/11\/Preambule-Manuel-du-Leader-Social-281124.pdf\" class=\"wp-block-file__button wp-element-button\" download aria-describedby=\"wp-block-file--media-b6d00378-7eb8-418b-8edf-394565c7ed40\">T\u00e9l\u00e9charger<\/a><\/div>\n\n\n\n<p class=\"has-text-align-center has-small-font-size wp-block-paragraph\"><br><br><br><em>* Pour valider votre commande, nous vous demandons de bien vouloir verser le montant correspondant (prix de l&#8217;ouvrage + frais de port) sur le&nbsp;compte BE12 3100 1398 8092&nbsp;(BIC: BBRUBEBB), en mentionnant la communication suivante&nbsp;: &#8220;Manuel du leader social + Nom et pr\u00e9nom&#8221;.<\/em><br><br><\/p>","protected":false},"excerpt":{"rendered":"<p>Envie d\u2019avoir un impact positif sur le monde&nbsp;? Ce manuel est fait pour vous&nbsp;! <\/p>","protected":false},"author":1,"featured_media":5656,"comment_status":"open","ping_status":"open","sticky":false,"template":"","format":"standard","meta":{"_acf_changed":false,"_seopress_robots_primary_cat":"","_seopress_titles_title":"","_seopress_titles_desc":"","_seopress_robots_index":"","_formation_external_id":"","_formation_date_debut":"","_formation_date_fin":"","_formation_heure_debut":"","_formation_heure_fin":"","_formation_cancelled":"","_formation_youtube":"","_formation_tarif":0,"_formation_info_date":"","_formation_info_diagnostic_oui":"","_formation_nom_formateur":"","_formation_prenom_formateur":"","_formation_nom_formateur2":"","_formation_prenom_formateur2":"","_formation_public":"","_formation_objectif":"","_formation_methodologie":"","_formation_itineraire":"","_formation_tarif_cs":0,"_formation_tarif_preferentiel":0,"_formation_info_diagnostic":"","_formation_localite":"","_formation_id_is_distant":"","_formation_heure_label":"","_formation_reference":"","_formation_presentation":"","_formation_archived":"","footnotes":""},"categories":[188],"tags":[],"class_list":["post-5651","post","type-post","status-publish","format-standard","has-post-thumbnail","hentry","category-news"],"acf":[],"_links":{"self":[{"href":"https:\/\/devs.openbaz.be\/stics\/wp-json\/wp\/v2\/posts\/5651","targetHints":{"allow":["GET"]}}],"collection":[{"href":"https:\/\/devs.openbaz.be\/stics\/wp-json\/wp\/v2\/posts"}],"about":[{"href":"https:\/\/devs.openbaz.be\/stics\/wp-json\/wp\/v2\/types\/post"}],"author":[{"embeddable":true,"href":"https:\/\/devs.openbaz.be\/stics\/wp-json\/wp\/v2\/users\/1"}],"replies":[{"embeddable":true,"href":"https:\/\/devs.openbaz.be\/stics\/wp-json\/wp\/v2\/comments?post=5651"}],"version-history":[{"count":0,"href":"https:\/\/devs.openbaz.be\/stics\/wp-json\/wp\/v2\/posts\/5651\/revisions"}],"wp:featuredmedia":[{"embeddable":true,"href":"https:\/\/devs.openbaz.be\/stics\/wp-json\/wp\/v2\/media\/5656"}],"wp:attachment":[{"href":"https:\/\/devs.openbaz.be\/stics\/wp-json\/wp\/v2\/media?parent=5651"}],"wp:term":[{"taxonomy":"category","embeddable":true,"href":"https:\/\/devs.openbaz.be\/stics\/wp-json\/wp\/v2\/categories?post=5651"},{"taxonomy":"post_tag","embeddable":true,"href":"https:\/\/devs.openbaz.be\/stics\/wp-json\/wp\/v2\/tags?post=5651"}],"curies":[{"name":"wp","href":"https:\/\/api.w.org\/{rel}","templated":true}]}}