{"id":5388,"date":"2024-10-20T20:43:03","date_gmt":"2024-10-20T18:43:03","guid":{"rendered":"https:\/\/devs.openbaz.be\/stics\/?p=5388"},"modified":"2024-10-20T20:43:03","modified_gmt":"2024-10-20T18:43:03","slug":"hope-la-campagne-qui-fait-le-lien-avec-l-action-du-stics-contre-le-harcelement-scolaire","status":"publish","type":"post","link":"https:\/\/devs.openbaz.be\/stics\/hope-la-campagne-qui-fait-le-lien-avec-l-action-du-stics-contre-le-harcelement-scolaire\/","title":{"rendered":"HOPE&nbsp;: la campagne qui fait le lien avec l&#8217;action du STICS contre le harc\u00e8lement scolaire"},"content":{"rendered":"\n<p class=\"wp-block-paragraph\">\u00c0 l&#8217;occasion de la Journ\u00e9e internationale contre la violence et le harc\u00e8lement en milieu scolaire, la RTBF lance une grande action de sensibilisation pour lutter contre le (cyber)harc\u00e8lement\u00a0HOPE &#8211; Le Harc\u00e8lement, On s\u2019y Oppose et on en\u00a0Parle Ensemble \u2013 du 4 au 15\u00a0novembre 2024. <a href=\"https:\/\/eur01.safelinks.protection.outlook.com\/?url=https%3A%2F%2Fwww.rtbf.be%2Farticle%2Fhope-inscrivez-votre-ecole-primaire-11428846&amp;data=05%7C02%7Cjwu%40rtbf.be%7C01a0247c4edd48f485d408dce870b1b4%7C103cfb3e3dfd4a4483ce455a2d25db06%7C0%7C0%7C638640817917668872%7CUnknown%7CTWFpbGZsb3d8eyJWIjoiMC4wLjAwMDAiLCJQIjoiV2luMzIiLCJBTiI6Ik1haWwiLCJXVCI6Mn0%3D%7C0%7C%7C%7C&amp;sdata=i2XCFF9AcRrxO3qYZxZqI5glYe3N6s0az%2B9zWm55Fl8%3D&amp;reserved=0\">Les \u00e9coles sont invit\u00e9es \u00e0 s\u2019inscrire pour participer \u00e0 l\u2019action<\/a>.<\/p>\n\n\n\n<p class=\"wp-block-paragraph\">Le harc\u00e8lement scolaire et le cyberharc\u00e8lement constituent des pr\u00e9occupations majeures dans le cadre de l\u2019\u00e9cole, mais dans les relations sociales entre les jeunes, puisqu&#8217;elles concernent un \u00e9l\u00e8ve sur trois\u00a0en F\u00e9d\u00e9ration Wallonie-Bruxelles que ce soit comme victime, auteur ou t\u00e9moin.<\/p>\n\n\n\n<p class=\"wp-block-paragraph\">La campagne de la RTBF fait le lien avec le <a href=\"https:\/\/devs.openbaz.be\/stics\/modules-de-formation-daccompagnateurs-en-gestion-dequipes-educatives\/\" target=\"_blank\" rel=\"noreferrer noopener\">programme de formation<\/a> mis en place pour le compte de l&#8217;<a href=\"https:\/\/pactepourunenseignementdexcellence.cfwb.be\/mesures\/harcelement-scolaire-observatoire-climat\/\" target=\"_blank\" rel=\"noreferrer noopener\">Observatoire du climat scolaire<\/a> dans le cadre duquel nous formons depuis deux ans les intervenant\u00b7e\u00b7s certifi\u00e9\u00b7e\u00b7s par la F\u00e9d\u00e9ration Wallonie-Bruxelles \u00e0 la m\u00e9thode de gestion de projets dans les \u00e9tablissements scolaires.<\/p>","protected":false},"excerpt":{"rendered":"<p>\u00c0 l&#8217;occasion de la Journ\u00e9e internationale contre la violence et le harc\u00e8lement en milieu scolaire, la RTBF lance une grande action de sensibilisation pour lutter contre le (cyber)harc\u00e8lement\u00a0HOPE &#8211; Le Harc\u00e8lement, On s\u2019y Oppose et on en\u00a0Parle Ensemble \u2013 du 4 au 15\u00a0novembre 2024. Les \u00e9coles sont invit\u00e9es \u00e0 s\u2019inscrire pour participer \u00e0 l\u2019action. Le [&hellip;]<\/p>","protected":false},"author":1,"featured_media":5397,"comment_status":"open","ping_status":"open","sticky":false,"template":"","format":"standard","meta":{"_acf_changed":false,"_seopress_robots_primary_cat":"","_seopress_titles_title":"","_seopress_titles_desc":"","_seopress_robots_index":"","_formation_external_id":"","_formation_date_debut":"","_formation_date_fin":"","_formation_heure_debut":"","_formation_heure_fin":"","_formation_cancelled":"","_formation_youtube":"","_formation_tarif":0,"_formation_info_date":"","_formation_info_diagnostic_oui":"","_formation_nom_formateur":"","_formation_prenom_formateur":"","_formation_nom_formateur2":"","_formation_prenom_formateur2":"","_formation_public":"","_formation_objectif":"","_formation_methodologie":"","_formation_itineraire":"","_formation_tarif_cs":0,"_formation_tarif_preferentiel":0,"_formation_info_diagnostic":"","_formation_localite":"","_formation_id_is_distant":"","_formation_heure_label":"","_formation_reference":"","_formation_presentation":"","_formation_archived":"","footnotes":""},"categories":[188],"tags":[],"class_list":["post-5388","post","type-post","status-publish","format-standard","has-post-thumbnail","hentry","category-news"],"acf":[],"_links":{"self":[{"href":"https:\/\/devs.openbaz.be\/stics\/wp-json\/wp\/v2\/posts\/5388","targetHints":{"allow":["GET"]}}],"collection":[{"href":"https:\/\/devs.openbaz.be\/stics\/wp-json\/wp\/v2\/posts"}],"about":[{"href":"https:\/\/devs.openbaz.be\/stics\/wp-json\/wp\/v2\/types\/post"}],"author":[{"embeddable":true,"href":"https:\/\/devs.openbaz.be\/stics\/wp-json\/wp\/v2\/users\/1"}],"replies":[{"embeddable":true,"href":"https:\/\/devs.openbaz.be\/stics\/wp-json\/wp\/v2\/comments?post=5388"}],"version-history":[{"count":0,"href":"https:\/\/devs.openbaz.be\/stics\/wp-json\/wp\/v2\/posts\/5388\/revisions"}],"wp:featuredmedia":[{"embeddable":true,"href":"https:\/\/devs.openbaz.be\/stics\/wp-json\/wp\/v2\/media\/5397"}],"wp:attachment":[{"href":"https:\/\/devs.openbaz.be\/stics\/wp-json\/wp\/v2\/media?parent=5388"}],"wp:term":[{"taxonomy":"category","embeddable":true,"href":"https:\/\/devs.openbaz.be\/stics\/wp-json\/wp\/v2\/categories?post=5388"},{"taxonomy":"post_tag","embeddable":true,"href":"https:\/\/devs.openbaz.be\/stics\/wp-json\/wp\/v2\/tags?post=5388"}],"curies":[{"name":"wp","href":"https:\/\/api.w.org\/{rel}","templated":true}]}}