{"id":5127,"date":"2024-09-25T11:50:34","date_gmt":"2024-09-25T09:50:34","guid":{"rendered":"https:\/\/devs.openbaz.be\/stics\/?p=5127"},"modified":"2024-09-25T11:50:34","modified_gmt":"2024-09-25T09:50:34","slug":"assises-du-logement-et-du-travail-social-le-rapport-final-est-disponible-en-ligne","status":"publish","type":"post","link":"https:\/\/devs.openbaz.be\/stics\/assises-du-logement-et-du-travail-social-le-rapport-final-est-disponible-en-ligne\/","title":{"rendered":"Assises du Logement et du Travail social&nbsp;: le rapport final est disponible en ligne&nbsp;!"},"content":{"rendered":"\n<p class=\"wp-block-paragraph\">Le logement est un aspect d\u00e9cisif de la qualit\u00e9 de vie des citoyen\u00b7ne\u00b7s, en particulier des personnes les plus pauvres. Il est un \u00e9l\u00e9ment de stabilit\u00e9, qui peut alimenter un cercle vertueux de progr\u00e8s ou vicieux de pr\u00e9carit\u00e9. \u00c0 Bruxelles, l\u2019\u00e9volution du secteur immobilier entra\u00eene une augmentation constante du co\u00fbt de ce logement et devient tr\u00e8s probl\u00e9matique pour une partie de la population. Bon nombre de travailleur\u00b7euse\u00b7s sociaux\u00b7ales, acteur\u00b7rice\u00b7s public\u00b7que\u00b7s et associatif\u00b7ve\u00b7s constatent cette \u00e9volution.\u00a0<\/p>\n\n\n\n<p class=\"wp-block-paragraph\">Avec le soutien du Stics, du CPAS d\u2019Anderlecht et de Mme Nawal Ben Hamou, Secr\u00e9taire d&#8217;\u00c9tat au Logement, le <a href=\"https:\/\/syndicatdeslocataires.wordpress.com\/\" target=\"_blank\" rel=\"noreferrer noopener\">Syndicat des Locataires<\/a> a ainsi saisi l&#8217;occasion de cette ann\u00e9e \u00e9lectorale (\u00e9lections r\u00e9gionales de juin 2024 et \u00e9lections communales d&#8217;octobre 2024) pour organiser des Assises du Logement et du Travail social et cr\u00e9er un cadre permettant&nbsp;:<\/p>\n\n\n\n<ul class=\"wp-block-list\">\n<li>d&#8217;attirer l\u2019attention des candidat\u00b7e\u00b7s sur des constats, questions et propositions issues du terrain concernant le travail social sur la probl\u00e9matique du logement, d&#8217;une part&nbsp;;<\/li>\n\n\n\n<li>d&#8217;obtenir la mise \u00e0 l&#8217;agenda de sujets avec engagements des candidat\u00b7e\u00b7s \u00e0 la cl\u00e9, d&#8217;autre part.<\/li>\n<\/ul>\n\n\n\n<p class=\"wp-block-paragraph\">N\u00e9es de cinq ateliers pr\u00e9paratoires r\u00e9alis\u00e9s fin 2023 avec des acteur\u00b7rice\u00b7s sociaux.ales de terrain, les Assises du Logement et du Travail social se sont d\u00e9roul\u00e9es en trois temps&nbsp;:<\/p>\n\n\n\n<ol class=\"wp-block-list\">\n<li><span style=\"text-decoration: underline;\">Le 15.01.2024&nbsp;:<\/span> rencontre-d\u00e9bat sur les diff\u00e9rents aspects de la probl\u00e9matique et des pistes de solutions en pr\u00e9sence de 60 particpant\u00b7es.<br><\/li>\n\n\n\n<li><span style=\"text-decoration: underline;\">Le 22.03.2024&nbsp;:<\/span> matin\u00e9e de travail entre acteur\u00b7rice\u00b7s associatif\u00b7ve\u00b7s au COOP pour d\u00e9battre sur base de textes de propositions et avancer vers des recommandations.<br><\/li>\n\n\n\n<li><span style=\"text-decoration: underline;\">Le 18.04.2024&nbsp;:<\/span> r\u00e9union des Assises lors d&#8217;une journ\u00e9e de dialogue au cin\u00e9ma Nova avec les acteur\u00b7rice\u00b7s politiques et des repr\u00e9sentant\u00b7e\u00b7s de la soci\u00e9t\u00e9 civile et du monde acad\u00e9mique sur la base des conclusions du travail entre acteur\u00b7rice\u00b7s associatif\u00b7ve\u00b7s.&nbsp;<\/li>\n<\/ol>\n\n\n\n<p class=\"wp-block-paragraph\">Ce processus de concertation a permis de jeter un regard critique sur les difficult\u00e9s d\u2019acc\u00e8s au logement et sur les probl\u00e8mes sociaux qui entourent cette probl\u00e9matique.&nbsp;Plusieurs d\u00e9bats participatifs ont permis de d\u00e9gager des recommandations en mati\u00e8re d\u2019am\u00e9lioration des politiques publiques permettant l\u2019acc\u00e8s au logement et son encadrement par un accompagnement social de qualit\u00e9.<\/p>\n\n\n\n<h2 class=\"wp-block-heading\"><strong>Actes du colloque du jeudi 18 avril 2024&nbsp;<\/strong><\/h2>\n\n\n\n<p class=\"wp-block-paragraph\">Aujourd&#8217;hui, nous sommes heureux\u00b7euses et fier\u00b7\u00e8re\u00b7s de pouvoir vous pr\u00e9senter le r\u00e9sultat de ces mois de travail et de r\u00e9flexion dans ce rapport final. <\/p>\n\n\n\n<p class=\"wp-block-paragraph\">Vous y trouverez le compte-rendu d\u00e9taill\u00e9 des interventions des organisateurs, des experts et t\u00e9moins et du panel politique, des \u00e9changes avec le public pr\u00e9sent, ainsi que l&#8217;ensemble des pistes et recommandations d&#8217;\u00e9volutions l\u00e9gislatives en mati\u00e8re de loyers, de baux, de fiscalit\u00e9, de cohabitation et d&#8217;inoccupation.&nbsp;<\/p>\n\n\n\n<div data-wp-interactive=\"core\/file\" class=\"wp-block-file\"><object data-wp-bind--hidden=\"!state.hasPdfPreview\" hidden class=\"wp-block-file__embed\" data=\"https:\/\/devs.openbaz.be\/stics\/wp-content\/uploads\/240905-Actes-colloque-18-avril-24-version-finale.pdf\" type=\"application\/pdf\" style=\"width:100%;height:900px\" aria-label=\"Contenu embarqu\u00e9 Actes colloque 18 avril 24.\"><\/object><a id=\"wp-block-file--media-4503a769-4c9e-4fcd-96b6-91c010689f38\" href=\"https:\/\/devs.openbaz.be\/stics\/wp-content\/uploads\/240905-Actes-colloque-18-avril-24-version-finale.pdf\" target=\"_blank\" rel=\"noreferrer noopener\">Actes colloque 18 avril 24<\/a><a href=\"https:\/\/devs.openbaz.be\/stics\/wp-content\/uploads\/240905-Actes-colloque-18-avril-24-version-finale.pdf\" class=\"wp-block-file__button wp-element-button\" download aria-describedby=\"wp-block-file--media-4503a769-4c9e-4fcd-96b6-91c010689f38\">T\u00e9l\u00e9charger<\/a><\/div>\n\n\n\n<p class=\"wp-block-paragraph\"><\/p>\n\n\n\n<div class=\"wp-block-buttons is-content-justification-center is-layout-flex wp-container-core-buttons-is-layout-3e41869c wp-block-buttons-is-layout-flex\">\n<div class=\"wp-block-button is-style-outline is-style-outline--1\"><a class=\"wp-block-button__link wp-element-button\" href=\"https:\/\/devs.openbaz.be\/stics\/publications\/\" target=\"_blank\" rel=\"noreferrer noopener\">Toutes nos publications<\/a><\/div>\n<\/div>","protected":false},"excerpt":{"rendered":"<p>Le logement est un aspect d\u00e9cisif de la qualit\u00e9 de vie des citoyen\u00b7ne\u00b7s, en particulier des personnes les plus pauvres. Il est un \u00e9l\u00e9ment de stabilit\u00e9, qui peut alimenter un cercle vertueux de progr\u00e8s ou vicieux de pr\u00e9carit\u00e9. \u00c0 Bruxelles, l\u2019\u00e9volution du secteur immobilier entra\u00eene une augmentation constante du co\u00fbt de ce logement et devient [&hellip;]<\/p>","protected":false},"author":1,"featured_media":5135,"comment_status":"open","ping_status":"open","sticky":false,"template":"","format":"standard","meta":{"_acf_changed":false,"_seopress_robots_primary_cat":"","_seopress_titles_title":"","_seopress_titles_desc":"","_seopress_robots_index":"","_formation_external_id":"","_formation_date_debut":"","_formation_date_fin":"","_formation_heure_debut":"","_formation_heure_fin":"","_formation_cancelled":"","_formation_youtube":"","_formation_tarif":0,"_formation_info_date":"","_formation_info_diagnostic_oui":"","_formation_nom_formateur":"","_formation_prenom_formateur":"","_formation_nom_formateur2":"","_formation_prenom_formateur2":"","_formation_public":"","_formation_objectif":"","_formation_methodologie":"","_formation_itineraire":"","_formation_tarif_cs":0,"_formation_tarif_preferentiel":0,"_formation_info_diagnostic":"","_formation_localite":"","_formation_id_is_distant":"","_formation_heure_label":"","_formation_reference":"","_formation_presentation":"","_formation_archived":"","footnotes":""},"categories":[188],"tags":[],"class_list":["post-5127","post","type-post","status-publish","format-standard","has-post-thumbnail","hentry","category-news"],"acf":[],"_links":{"self":[{"href":"https:\/\/devs.openbaz.be\/stics\/wp-json\/wp\/v2\/posts\/5127","targetHints":{"allow":["GET"]}}],"collection":[{"href":"https:\/\/devs.openbaz.be\/stics\/wp-json\/wp\/v2\/posts"}],"about":[{"href":"https:\/\/devs.openbaz.be\/stics\/wp-json\/wp\/v2\/types\/post"}],"author":[{"embeddable":true,"href":"https:\/\/devs.openbaz.be\/stics\/wp-json\/wp\/v2\/users\/1"}],"replies":[{"embeddable":true,"href":"https:\/\/devs.openbaz.be\/stics\/wp-json\/wp\/v2\/comments?post=5127"}],"version-history":[{"count":0,"href":"https:\/\/devs.openbaz.be\/stics\/wp-json\/wp\/v2\/posts\/5127\/revisions"}],"wp:featuredmedia":[{"embeddable":true,"href":"https:\/\/devs.openbaz.be\/stics\/wp-json\/wp\/v2\/media\/5135"}],"wp:attachment":[{"href":"https:\/\/devs.openbaz.be\/stics\/wp-json\/wp\/v2\/media?parent=5127"}],"wp:term":[{"taxonomy":"category","embeddable":true,"href":"https:\/\/devs.openbaz.be\/stics\/wp-json\/wp\/v2\/categories?post=5127"},{"taxonomy":"post_tag","embeddable":true,"href":"https:\/\/devs.openbaz.be\/stics\/wp-json\/wp\/v2\/tags?post=5127"}],"curies":[{"name":"wp","href":"https:\/\/api.w.org\/{rel}","templated":true}]}}