{"id":5104,"date":"2024-09-19T11:27:19","date_gmt":"2024-09-19T09:27:19","guid":{"rendered":"https:\/\/devs.openbaz.be\/stics\/?p=5104"},"modified":"2024-09-19T11:27:19","modified_gmt":"2024-09-19T09:27:19","slug":"offre-demploi-charge-e-de-developpement-de-projets-de-formation-avec-un-public-adulte","status":"publish","type":"post","link":"https:\/\/devs.openbaz.be\/stics\/offre-demploi-charge-e-de-developpement-de-projets-de-formation-avec-un-public-adulte\/","title":{"rendered":"Offre d&#8217;emploi\u00a0: Charg\u00e9\u00b7e de d\u00e9veloppement de projets de formation avec un public adulte"},"content":{"rendered":"\n<h2 class=\"wp-block-heading has-vivid-red-color has-text-color has-link-color wp-elements-c5d9d3948c49bdf8b6925308d7729e5d\">[Cette offre d\u2019emploi est cl\u00f4tur\u00e9e]<\/h2>\n\n\n\n<p class=\"wp-block-paragraph\">Depuis 1984, le STICS forme, conseille et accompagne travailleur\u00b7euses et responsables du secteur non marchand pour les aider \u00e0 am\u00e9liorer leur fonctionnement quotidien, depuis la d\u00e9finition des objectifs jusqu\u2019\u00e0 la mise en \u0153uvre et l\u2019\u00e9valuation d\u2019actions de terrain.<\/p>\n\n\n\n<p class=\"wp-block-paragraph\">Reconnus comme organisme d\u2019\u00e9ducation permanente par la F\u00e9d\u00e9ration Wallonie-Bruxelles, nous avons l\u2019objectif de suivre au plus pr\u00e8s les besoins du secteur et de proposer des solutions innovantes afin de s\u2019adapter \u00e0 un paysage social, politique et \u00e9conomique particuli\u00e8rement complexe.<\/p>\n\n\n\n<h2 class=\"wp-block-heading\">Profil<\/h2>\n\n\n\n<p class=\"wp-block-paragraph\">Titulaire d\u2019un Bachelier d\u2019assistant\u00b7e social\u00b7e, \u00e9ducateur\u00b7trice sp\u00e9cialis\u00e9\u00b7e ou d\u2019un Master en sciences humaines, sociales, sciences du travail, psychop\u00e9dagogie, GRH, communication (en ce compris communication num\u00e9rique), management associatif (liste non exhaustive).<\/p>\n\n\n\n<p class=\"wp-block-paragraph\">Orientation, gestion de projets communautaires, socioculturels, d\u00e9veloppement d\u2019activit\u00e9s en r\u00e9seau, communication institutionnelle.<\/p>\n\n\n\n<h2 class=\"wp-block-heading\">Votre r\u00f4le<\/h2>\n\n\n\n<p class=\"wp-block-paragraph\">Collaborateur\u00b7rice au sein de l\u2019\u00e9quipe d\u2019intervenant\u00b7e\u00b7s du Stics ASBL, vous contribuez au d\u00e9veloppement de projets \u00e0 vis\u00e9es p\u00e9dagogiques vers des publics d\u2019adultes en activant des partenariats et des r\u00e9seaux dans le champ de l\u2019\u00e9ducation permanente. Vous animez des espaces de r\u00e9flexion avec des professionnel\u00b7le\u00b7s sur des th\u00e9matiques sectorielles. Vous collaborez \u00e0 la communication interne et externe de l&#8217;ASBL. Vous \u00eates autonome et capable de nouer des relations professionnelles durables, de r\u00e9aliser les objectifs qui vous sont confi\u00e9s en autonomie. Vous \u00eates responsable de la ma\u00eetrise budg\u00e9taire des projets dont vous avez la charge. Vous rapportez r\u00e9guli\u00e8rement l\u2019\u00e9tat d\u2019avancement des projets dont vous avez la responsabilit\u00e9.<\/p>\n\n\n\n<h2 class=\"wp-block-heading\">Comp\u00e9tences et attitudes cl\u00e9s<\/h2>\n\n\n\n<p class=\"wp-block-paragraph\">Vous ma\u00eetrisez la gestion de projets ou vous \u00eates dispos\u00e9\u00b7e \u00e0 vous former.<\/p>\n\n\n\n<p class=\"wp-block-paragraph\">P\u00e9dagogue, vous \u00eates investi\u00b7e et passionn\u00e9\u00b7e par la transmission de comp\u00e9tences.<\/p>\n\n\n\n<p class=\"wp-block-paragraph\">Dynamique, rigoureux.se, vous assumez les responsabilit\u00e9s li\u00e9es \u00e0 votre poste, vous \u00eates capable d\u2019agir et de prendre des d\u00e9cisions en autonomie. Vous ma\u00eetrisez le fran\u00e7ais et vous d\u00e9montrez de bonnes capacit\u00e9s communicationnelles&nbsp;; vous pouvez vous exprimer en public avec aisance.<\/p>\n\n\n\n<p class=\"wp-block-paragraph\">Comp\u00e9tent\u00b7e en gestion et monitoring budg\u00e9taire.<\/p>\n\n\n\n<p class=\"wp-block-paragraph\">Vous utilisez couramment les applications sous Windows, les r\u00e9seaux sociaux.<\/p>\n\n\n\n<p class=\"wp-block-paragraph\">Possibilit\u00e9 de faire exceptionnellement du t\u00e9l\u00e9travail.&nbsp;<\/p>\n\n\n\n<h2 class=\"wp-block-heading\">Nous offrons<\/h2>\n\n\n\n<p class=\"wp-block-paragraph\">Un contrat 1\/4 temps (13 heures) <strong>ACS<\/strong> pour ce poste de gestion de projets de formation avec des publics adultes<br><br>&#8211; CP 329.02<br>&#8211; Ch\u00e8ques-repas<br>&#8211; Assurance groupe DKV<br>&#8211; Intervention dans les frais de d\u00e9placement<br>&#8211; Possibilit\u00e9s de progression interne<br>&#8211; Engagement imm\u00e9diat<\/p>\n\n\n\n<p class=\"has-vivid-red-color has-text-color has-link-color wp-elements-db47f05548ae3cfd31c87d7526271f3c wp-block-paragraph\">Date limite de r\u00e9ception des candidatures\u00a0: <span style=\"text-decoration: underline;\">vendredi 18 octobre 2024<\/span> (cette offre d&#8217;emploi est cl\u00f4tur\u00e9e&nbsp;: nous n&#8217;acceptons plus de nouvelles candidatures)<\/p>\n\n\n\n<p class=\"wp-block-paragraph\">Envoyer CV et lettre de motivation via l\u2019adresse <a href=\"mailto:stics@stics.be\" target=\"_blank\" rel=\"noreferrer noopener\">stics@stics.be<\/a><\/p>\n\n\n\n<p class=\"wp-block-paragraph\">Pas de r\u00e9ponse par t\u00e9l\u00e9phone. Possibilit\u00e9 d&#8217;adresser des questions par courriel via l\u2019adresse <a href=\"mailto:stics@stics.be\" target=\"_blank\" rel=\"noreferrer noopener\">stics@stics.be<\/a><\/p>\n\n\n\n<div class=\"wp-block-buttons is-content-justification-center is-layout-flex wp-container-core-buttons-is-layout-3e41869c wp-block-buttons-is-layout-flex\">\n<div class=\"wp-block-button is-style-outline is-style-outline--1\"><a class=\"wp-block-button__link wp-element-button\" href=\"https:\/\/devs.openbaz.be\/stics\/wp-content\/uploads\/2024\/09\/240919-Offre-emploi-acs-developpement-de-projets.pdf\" target=\"_blank\" rel=\"noreferrer noopener\">T\u00e9l\u00e9charger l&#8217;offre (PDF)<\/a><\/div>\n<\/div>","protected":false},"excerpt":{"rendered":"<p>[Cette offre d\u2019emploi est cl\u00f4tur\u00e9e] Depuis 1984, le STICS forme, conseille et accompagne travailleur\u00b7euses et responsables du secteur non marchand pour les aider \u00e0 am\u00e9liorer leur fonctionnement quotidien, depuis la d\u00e9finition des objectifs jusqu\u2019\u00e0 la mise en \u0153uvre et l\u2019\u00e9valuation d\u2019actions de terrain. Reconnus comme organisme d\u2019\u00e9ducation permanente par la F\u00e9d\u00e9ration Wallonie-Bruxelles, nous avons l\u2019objectif [&hellip;]<\/p>","protected":false},"author":1,"featured_media":5107,"comment_status":"open","ping_status":"open","sticky":false,"template":"","format":"standard","meta":{"_acf_changed":false,"_seopress_robots_primary_cat":"","_seopress_titles_title":"","_seopress_titles_desc":"","_seopress_robots_index":"","_formation_external_id":"","_formation_date_debut":"","_formation_date_fin":"","_formation_heure_debut":"","_formation_heure_fin":"","_formation_cancelled":"","_formation_youtube":"","_formation_tarif":0,"_formation_info_date":"","_formation_info_diagnostic_oui":"","_formation_nom_formateur":"","_formation_prenom_formateur":"","_formation_nom_formateur2":"","_formation_prenom_formateur2":"","_formation_public":"","_formation_objectif":"","_formation_methodologie":"","_formation_itineraire":"","_formation_tarif_cs":0,"_formation_tarif_preferentiel":0,"_formation_info_diagnostic":"","_formation_localite":"","_formation_id_is_distant":"","_formation_heure_label":"","_formation_reference":"","_formation_presentation":"","_formation_archived":"","footnotes":""},"categories":[188],"tags":[],"class_list":["post-5104","post","type-post","status-publish","format-standard","has-post-thumbnail","hentry","category-news"],"acf":[],"_links":{"self":[{"href":"https:\/\/devs.openbaz.be\/stics\/wp-json\/wp\/v2\/posts\/5104","targetHints":{"allow":["GET"]}}],"collection":[{"href":"https:\/\/devs.openbaz.be\/stics\/wp-json\/wp\/v2\/posts"}],"about":[{"href":"https:\/\/devs.openbaz.be\/stics\/wp-json\/wp\/v2\/types\/post"}],"author":[{"embeddable":true,"href":"https:\/\/devs.openbaz.be\/stics\/wp-json\/wp\/v2\/users\/1"}],"replies":[{"embeddable":true,"href":"https:\/\/devs.openbaz.be\/stics\/wp-json\/wp\/v2\/comments?post=5104"}],"version-history":[{"count":0,"href":"https:\/\/devs.openbaz.be\/stics\/wp-json\/wp\/v2\/posts\/5104\/revisions"}],"wp:featuredmedia":[{"embeddable":true,"href":"https:\/\/devs.openbaz.be\/stics\/wp-json\/wp\/v2\/media\/5107"}],"wp:attachment":[{"href":"https:\/\/devs.openbaz.be\/stics\/wp-json\/wp\/v2\/media?parent=5104"}],"wp:term":[{"taxonomy":"category","embeddable":true,"href":"https:\/\/devs.openbaz.be\/stics\/wp-json\/wp\/v2\/categories?post=5104"},{"taxonomy":"post_tag","embeddable":true,"href":"https:\/\/devs.openbaz.be\/stics\/wp-json\/wp\/v2\/tags?post=5104"}],"curies":[{"name":"wp","href":"https:\/\/api.w.org\/{rel}","templated":true}]}}