{"id":5063,"date":"2024-11-06T17:20:00","date_gmt":"2024-11-06T16:20:00","guid":{"rendered":"https:\/\/devs.openbaz.be\/stics\/?p=5063"},"modified":"2024-11-06T17:20:00","modified_gmt":"2024-11-06T16:20:00","slug":"vous-etes-travailleur-euse-du-secteur-associatif-profitez-de-nos-formations-gratuites","status":"publish","type":"post","link":"https:\/\/devs.openbaz.be\/stics\/vous-etes-travailleur-euse-du-secteur-associatif-profitez-de-nos-formations-gratuites\/","title":{"rendered":"Vous \u00eates travailleur\u00b7euse du secteur associatif&nbsp;? Profitez de nos formations gratuites&nbsp;!"},"content":{"rendered":"\n<p class=\"wp-block-paragraph\">Nous appliquions d\u00e9j\u00e0 un tarif pr\u00e9f\u00e9rentiel pour le secteur associatif. Pour nos formations du quatri\u00e8me trimestre 2024, nous allons plus loin&nbsp;: ces travailleur\u00b7euse\u00b7s peuvent d\u00e9sormais s&#8217;inscrire gratuitement \u00e0 pr\u00e8s de 30 formations pluridisciplinaires couvrant le spectre complet de la gestion de structure, d&#8217;\u00e9quipe et de projet, y compris le d\u00e9veloppement personnel et le bien-\u00eatre au travail, \u00e0 travers l&#8217;acquisition de comp\u00e9tences et l&#8217;exploration ou le renforcement d&#8217;outils.<\/p>\n\n\n\n<p class=\"wp-block-paragraph\"><\/p>\n\n\n\n<h2 class=\"wp-block-heading\">Le catalogue<\/h2>\n\n\n\n<p class=\"wp-block-paragraph\"><\/p>\n\n\n\n<p class=\"has-vivid-red-color has-cyan-bluish-gray-background-color has-text-color has-background has-link-color has-small-font-size wp-elements-ce80922e4a28175592428c22a16d291c wp-block-paragraph\"><strong>Nos \u00e9crits professionnels&nbsp;: comment les rendre clairs, int\u00e9ressants et efficaces&nbsp;?<\/strong> <strong>[COMPLET]<\/strong><br>17, 19 septembre, 01 octobre et 12 novembre 2024<br>Bruxelles<br>Formatrice&nbsp;: Caroline WATILLON<br>Plus d&#8217;informations&nbsp;&nbsp;&nbsp;&nbsp;&nbsp;&nbsp;<br>S&#8217;inscrire (il n&#8217;est plus possible de s&#8217;inscrire \u00e0 cette formation)<\/p>\n\n\n\n<p class=\"has-vivid-red-color has-cyan-bluish-gray-background-color has-text-color has-background has-link-color has-small-font-size wp-elements-c87d71d4965be870687d8b472ca0b272 wp-block-paragraph\"><strong>Se former au mod\u00e8le Com\u2019Colors pour mieux se conna\u00eetre et mieux conna\u00eetre l\u2019autre<\/strong> <strong>[COMPLET]<\/strong><br>17 et 24 septembre 2024<br>Charleroi<br>Formatrice&nbsp;: Nathalie JACQUET<br>Plus d&#8217;informations&nbsp;&nbsp;&nbsp;&nbsp;&nbsp;&nbsp;<br>S&#8217;inscrire (il n&#8217;est plus possible de s&#8217;inscrire \u00e0 cette formation)<\/p>\n\n\n\n<p class=\"has-vivid-red-color has-cyan-bluish-gray-background-color has-text-color has-background has-link-color has-small-font-size wp-elements-7f7b4ef6af816fd0619c6f1a1e3dd2fd wp-block-paragraph\"><strong>Techniques d\u2019entretien dans la relation d\u2019aide<\/strong> <strong>[COMPLET]<\/strong><br>19 et 24 septembre 2024<br>Bruxelles<br>Formatrice&nbsp;: Genevi\u00e8ve THULLIEZ<br><a href=\"https:\/\/devs.openbaz.be\/stics\/formations\/formation-detail?formation=1185\" target=\"_blank\" rel=\"noreferrer noopener\">Plus d&#8217;informations<\/a>&nbsp;&nbsp;&nbsp;&nbsp;&nbsp;&nbsp;<br>S&#8217;inscrire (il n&#8217;est plus possible de s&#8217;inscrire \u00e0 cette formation)<\/p>\n\n\n\n<p class=\"has-vivid-red-color has-cyan-bluish-gray-background-color has-text-color has-background has-link-color has-small-font-size wp-elements-48950b0b5f276fdcede5261dcc9029cb wp-block-paragraph\"><strong>Pr\u00e9parer et animer une intervision. Initiation<\/strong> <strong>[COMPLET]<\/strong><br>23 septembre, 7, 14 octobre et 9 d\u00e9cembre 2024<br>Bruxelles<br>Formatrice&nbsp;: Marianne BOLLEN<br>Plus d&#8217;informations&nbsp;&nbsp;&nbsp;&nbsp;&nbsp;&nbsp;<br>S&#8217;inscrire (il n&#8217;est plus possible de s&#8217;inscrire \u00e0 cette formation)<\/p>\n\n\n\n<p class=\"has-vivid-red-color has-cyan-bluish-gray-background-color has-text-color has-background has-link-color has-small-font-size wp-elements-2a1a983d721e364550775dbbc4efddac wp-block-paragraph\"><strong>L\u2019\u00e9coute bienveillante c\u2019est bien\u2026 L\u2019\u00e9coute active c\u2019est mieux&nbsp;!<\/strong> <strong>[COMPLET]<\/strong><br>26 septembre, 3, 10 octobre et 14 novembre 2024<br>Bruxelles<br>Formatrice&nbsp;: Emmanuelle BONAVENTURE<br>Plus d&#8217;informations&nbsp;&nbsp;&nbsp;&nbsp;&nbsp;&nbsp;<br>S&#8217;inscrire (il n&#8217;est plus possible de s&#8217;inscrire \u00e0 cette formation)<\/p>\n\n\n\n<p class=\"has-vivid-red-color has-cyan-bluish-gray-background-color has-text-color has-background has-link-color has-small-font-size wp-elements-f67c1df82138421f27dcaa66d0dc45c0 wp-block-paragraph\"><strong>\u00c9valuer mon projet, mode d&#8217;emploi<\/strong> <strong>[COMPLET]<\/strong><br>1, 8, 15 octobre et 19 novembre 2024<br>Bruxelles<br>Formatrice&nbsp;: Natacha LOUIS<br>Plus d&#8217;informations&nbsp;&nbsp;&nbsp;&nbsp;&nbsp;&nbsp;<br>S&#8217;inscrire (il n&#8217;est plus possible de s&#8217;inscrire \u00e0 cette formation)<\/p>\n\n\n\n<p class=\"has-vivid-red-color has-cyan-bluish-gray-background-color has-text-color has-background has-link-color has-small-font-size wp-elements-2870b5b3ad0cbff9fc6f77691bd6121a wp-block-paragraph\"><strong>Changer en jouant avec ses r\u00eaves<\/strong> <strong>[COMPLET]<\/strong><br>3 octobre 2024<br>Formation \u00e0 distance<br>Formatrice&nbsp;: Sylvie NOUAILLE<br>Plus d&#8217;informations&nbsp;&nbsp;&nbsp;&nbsp;&nbsp;&nbsp;<br>S&#8217;inscrire (il n&#8217;est plus possible de s&#8217;inscrire \u00e0 cette formation)<\/p>\n\n\n\n<p class=\"has-vivid-red-color has-cyan-bluish-gray-background-color has-text-color has-background has-link-color has-small-font-size wp-elements-ebbd65e463a052a786117e712dd25241 wp-block-paragraph\"><strong>La qualit\u00e9 de la communication au service du changement avec la PNL<\/strong> <strong>[COMPLET]<\/strong><br>4, 11, 25 octobre et 29 novembre 2024<br>Bruxelles<br>Formateur&nbsp;: Lo\u00efc PANNEQUIN<br>Plus d&#8217;informations&nbsp;&nbsp;&nbsp;&nbsp;&nbsp;&nbsp;<br>S&#8217;inscrire (il n&#8217;est plus possible de s&#8217;inscrire \u00e0 cette formation)<\/p>\n\n\n\n<p class=\"has-vivid-red-color has-cyan-bluish-gray-background-color has-text-color has-background has-link-color has-small-font-size wp-elements-6a2b810a777014393105503cd6aa7d25 wp-block-paragraph\"><strong>La syst\u00e9mique organisationnelle au service de l\u2019innovation et du changement dans les organisations<\/strong> <strong>[COMPLET]<\/strong><br>7, 9 octobre, 25, 26 novembre, 09, 10 d\u00e9cembre 2024 et 09 janvier 2025<br>Bruxelles<br>Formatrice&nbsp;: Anissa BENCHEKROUN<br>Plus d&#8217;informations&nbsp;&nbsp;&nbsp;&nbsp;&nbsp;&nbsp;<br>S&#8217;inscrire (il n&#8217;est plus possible de s&#8217;inscrire \u00e0 cette formation)<\/p>\n\n\n\n<p class=\"has-vivid-red-color has-cyan-bluish-gray-background-color has-text-color has-background has-link-color has-small-font-size wp-elements-c7e40f7bf012e1e274353ba6916328d4 wp-block-paragraph\"><strong>Prendre confiance en soi en s\u2019appuyant sur ses r\u00eaves et ses comp\u00e9tences de savoir-\u00eatre<\/strong> <strong>[COMPLET]<\/strong><br>15 octobre 24<br>Formation \u00e0 distance<br>Formatrice&nbsp;: Sylvie NOUAILLE<br>Plus d&#8217;informations&nbsp;&nbsp;&nbsp;&nbsp;&nbsp;&nbsp;<br>S&#8217;inscrire (il n&#8217;est plus possible de s&#8217;inscrire \u00e0 cette formation)<\/p>\n\n\n\n<p class=\"has-vivid-red-color has-cyan-bluish-gray-background-color has-text-color has-background has-link-color has-small-font-size wp-elements-02af2def980d6591e8546775718b0f51 wp-block-paragraph\"><strong>Manager les relations interculturelles dans son institution&nbsp;: enjeux et strat\u00e9gies<\/strong> <strong>[COMPLET]<\/strong><br>7 et 18 novembre 2024<br>Bruxelles<br>Formateur&nbsp;: Foued BELLALI<br>Plus d&#8217;informations&nbsp;&nbsp;&nbsp;&nbsp;&nbsp;&nbsp;<br>S&#8217;inscrire (il n&#8217;est plus possible de s&#8217;inscrire \u00e0 cette formation)<\/p>\n\n\n\n<p class=\"has-vivid-red-color has-cyan-bluish-gray-background-color has-text-color has-background has-link-color has-small-font-size wp-elements-ca309c4fb215d60d37c6548fa53f8941 wp-block-paragraph\"><strong>Utiliser Canva pour mieux communiquer<\/strong> <strong>[COMPLET]<\/strong><br>8 novembre 2024<br>Bruxelles<br>Formatrice&nbsp;: Natacha LOUIS<br>Plus d&#8217;informations&nbsp;&nbsp;&nbsp;&nbsp;&nbsp;&nbsp;<br>S&#8217;inscrire (il n&#8217;est plus possible de s&#8217;inscrire \u00e0 cette formation)<\/p>\n\n\n\n<p class=\"has-vivid-red-color has-cyan-bluish-gray-background-color has-text-color has-background has-link-color has-small-font-size wp-elements-c10dfe581f80697e6bdeadf416034442 wp-block-paragraph\"><strong>Travailler en partenariat, travailler en r\u00e9seau&nbsp;: outils et strat\u00e9gies pour favoriser la coop\u00e9ration<\/strong> <strong>[COMPLET]<\/strong><br>8, 15, 22 novembre et 18 d\u00e9cembre 2024<br>Bruxelles<br>Formatrice&nbsp;: C\u00e9line LANGENDRIES<br>Plus d&#8217;informations&nbsp;&nbsp;&nbsp;&nbsp;&nbsp;&nbsp;<br>S&#8217;inscrire (il n&#8217;est plus possible de s&#8217;inscrire \u00e0 cette formation)<\/p>\n\n\n\n<p class=\"has-vivid-red-color has-cyan-bluish-gray-background-color has-text-color has-background has-link-color has-small-font-size wp-elements-a168789f5e8526f9afe7b16453011f56 wp-block-paragraph\"><strong>Formation pour identifier les causes, accompagner le retour post-burnout et pr\u00e9venir les dysfonctionnements organisationnels li\u00e9s au stress<\/strong><span style=\"font-size: medium; white-space-collapse: collapse;\"><\/span> <strong>[COMPLET]<\/strong><br>14 et 26 novembre 2024<br>Bruxelles<br>Formatrice&nbsp;: Anne HABETS<br>Plus d&#8217;informations&nbsp;&nbsp;&nbsp;&nbsp;&nbsp;&nbsp;<br>S&#8217;inscrire (il n&#8217;est plus possible de s&#8217;inscrire \u00e0 cette formation)<\/p>\n\n\n\n<p class=\"has-vivid-red-color has-cyan-bluish-gray-background-color has-text-color has-background has-link-color has-small-font-size wp-elements-f93f4ce4d6e26e40a614eb6d3815bf0b wp-block-paragraph\"><strong>Conflit en organisation&nbsp;? Se former aux outils de la m\u00e9diation pour faciliter un processus de paix<\/strong> <strong>[COMPLET]<\/strong><br>14 et 21 novembre 2024<br>Bruxelles<br>Formatrice&nbsp;: Florence VAN DE PUTTE<br>Plus d&#8217;informations<br>S&#8217;inscrire (il n&#8217;est plus possible de s&#8217;inscrire \u00e0 cette formation)<\/p>\n\n\n\n<p class=\"has-vivid-red-color has-cyan-bluish-gray-background-color has-text-color has-background has-link-color has-small-font-size wp-elements-9a30bb0cdfac04823cb3a9fcb42c83ff wp-block-paragraph\"><strong>Gagner du temps gr\u00e2ce \u00e0 Excel [COMPLET]<\/strong><br>15 et 22 novembre 2024<br>Bruxelles<br>Formatrice&nbsp;: Natacha LOUIS<br>Plus d&#8217;informations&nbsp;&nbsp;&nbsp;&nbsp;&nbsp;&nbsp;<br>S&#8217;inscrire (il n&#8217;est plus possible de s&#8217;inscrire \u00e0 cette formation)<\/p>\n\n\n\n<p class=\"has-vivid-red-color has-cyan-bluish-gray-background-color has-text-color has-background has-link-color has-small-font-size wp-elements-9d8a182413dd08f50f68d5ba23a74466 wp-block-paragraph\"><strong>Construire et g\u00e9rer son projet \u00a9<\/strong> [COMPLET]<br>18, 25 novembre, 09 d\u00e9cembre 2024 et 20 janvier 2025<br>Mons<br>Formatrice&nbsp;: Natacha LOUIS<br>Plus d&#8217;informations&nbsp;&nbsp;&nbsp;&nbsp;&nbsp;&nbsp;<br>S&#8217;inscrire<\/p>\n\n\n\n<p class=\"has-vivid-red-color has-cyan-bluish-gray-background-color has-text-color has-background has-link-color has-small-font-size wp-elements-7a569a8c394b32be331a1ac87c6361ce wp-block-paragraph\"><strong>Changer en jouant avec ses r\u00eaves<\/strong> <strong>[COMPLET]<\/strong><br>21 novembre 2024<br>Formation \u00e0 distance<br>Formatrice&nbsp;: Sylvie NOUAILLE<span style=\"font-size: medium; white-space-collapse: collapse;\"><\/span><br>Plus d&#8217;informations&nbsp;&nbsp;&nbsp;&nbsp;&nbsp;&nbsp;<br>S&#8217;inscrire (il n&#8217;est plus possible de s&#8217;inscrire \u00e0 cette formation)<\/p>\n\n\n\n<p class=\"has-vivid-red-color has-cyan-bluish-gray-background-color has-text-color has-background has-link-color has-small-font-size wp-elements-45d0772557766bcb810e9f87c5ef1aa3 wp-block-paragraph\"><strong>Ai-je des besoins&#8230; moi aussi&nbsp;? Gestion du stress et des \u00e9motions. Initiation<\/strong> <strong>[COMPLET]<\/strong><br>21, 28 novembre, 05, 12 d\u00e9cembre 2024 et 23 janvier 2025<br>Bruxelles<br>Formatrice&nbsp;: Emmanuelle BONAVENTURE<br>Plus d&#8217;informations\u00a0\u00a0\u00a0\u00a0\u00a0\u00a0<br>S&#8217;inscrire<\/p>\n\n\n\n<p class=\"has-vivid-red-color has-cyan-bluish-gray-background-color has-text-color has-background has-link-color has-small-font-size wp-elements-fd3fcc97128d99b3b24135195a1ae95c wp-block-paragraph\"><strong>Construire et g\u00e9rer son projet \u00a9 [COMPLET]<\/strong><br>28 novembre, 05, 13 d\u00e9cembre 2024 et 09 janvier 2025<br>Namur<br>Formatrice&nbsp;: Natacha LOUIS<br>Plus d&#8217;informations<br>S&#8217;inscrire<\/p>\n\n\n\n<p class=\"has-vivid-red-color has-cyan-bluish-gray-background-color has-text-color has-background has-link-color has-small-font-size wp-elements-9619a035fd7407f6909d9ca7b6a107e5 wp-block-paragraph\"><strong>Accompagnement des \u00e9quipes dans le secteur du non-marchand&nbsp;: enjeux et d\u00e9fis. Diriger un service est aujourd\u2019hui un challenge&nbsp;! Pourquoi&nbsp;?<\/strong> <strong>[COMPLET]<\/strong><br>2 d\u00e9cembre 2024<br>Bruxelles<br>Formateur&nbsp;: Didier STAPPAERTS<br>Plus d&#8217;informations&nbsp;&nbsp;&nbsp;&nbsp;&nbsp;&nbsp;<br>S&#8217;inscrire (il n&#8217;est plus possible de s&#8217;inscrire \u00e0 cette formation)<\/p>\n\n\n\n<p class=\"has-vivid-red-color has-cyan-bluish-gray-background-color has-text-color has-background has-link-color has-small-font-size wp-elements-2322f52c26b6c0fd6506d486ce244686 wp-block-paragraph\"><strong>Construire et g\u00e9rer son projet \u00a9<\/strong> <strong>[COMPLET]<\/strong><br>3, 10, 17 d\u00e9cembre 2024 et 14 janvier 2025<br>Bruxelles<br>Formatrice&nbsp;: Natacha LOUIS<br>Plus d&#8217;informations&nbsp;&nbsp;&nbsp;&nbsp;&nbsp;&nbsp;<br>S&#8217;inscrire (il n&#8217;est plus possible de s&#8217;inscrire \u00e0 cette formation)<\/p>\n\n\n\n<p class=\"has-black-color has-cyan-bluish-gray-background-color has-text-color has-background has-link-color has-small-font-size wp-elements-936bfdf780e8dfd10a65a89a90afb1be wp-block-paragraph\"><strong>Comment parler de soi avec authenticit\u00e9 et convaincre&nbsp;: le pitch \u00e9motionnel<\/strong><br>3 d\u00e9cembre 2024<br>Formation \u00e0 distance<br>Formatrice&nbsp;: Sylvie NOUAILLE<br><a href=\"https:\/\/devs.openbaz.be\/stics\/formations\/formation-detail?formation=1148\" target=\"_blank\" rel=\"noreferrer noopener\">Plus d&#8217;informations<\/a><br><a href=\"https:\/\/devs.openbaz.be\/stics\/formations\/formulaire-dinscription\/?formation=1148\" target=\"_blank\" rel=\"noreferrer noopener\">S&#8217;inscrire<\/a><\/p>\n\n\n\n<p class=\"has-black-color has-cyan-bluish-gray-background-color has-text-color has-background has-link-color has-small-font-size wp-elements-5105eca8cdb3b961af2c4cbbd63a109c wp-block-paragraph\"><strong>Communication Interculturelle \u2013 ouverture aux diversit\u00e9s et \u00e0 leur inclusion<\/strong><br>5 et 12 d\u00e9cembre 2024<br>Bruxelles<br>Formateur&nbsp;: Erwan MARJO<br><a href=\"https:\/\/devs.openbaz.be\/stics\/formations\/formation-detail?formation=1206\" target=\"_blank\" rel=\"noreferrer noopener\">Plus d&#8217;informations<\/a><br><a href=\"https:\/\/devs.openbaz.be\/stics\/formations\/formulaire-dinscription\/?formation=1206\" target=\"_blank\" rel=\"noreferrer noopener\">S&#8217;inscrire<\/a><\/p>\n\n\n\n<p class=\"has-black-color has-cyan-bluish-gray-background-color has-text-color has-background has-link-color has-small-font-size wp-elements-83ef8771d520d09abc9ba44afe3db956 wp-block-paragraph\"><strong>Bientraitance&nbsp;: mieux g\u00e9rer le bien-\u00eatre relationnel avec les personnes \u00e2g\u00e9es<\/strong><br>5 et 12 d\u00e9cembre 2024<br>Bruxelles<br>Formateur&nbsp;: Anne HABETS<br><a href=\"https:\/\/devs.openbaz.be\/stics\/formations\/formation-detail\/?formation=1276\" target=\"_blank\" rel=\"noreferrer noopener\">Plus d&#8217;informations<\/a><br><a href=\"https:\/\/devs.openbaz.be\/stics\/formations\/formulaire-dinscription\/?formation=1276\" target=\"_blank\" rel=\"noreferrer noopener\">S&#8217;inscrire<\/a><\/p>\n\n\n\n<p class=\"has-black-color has-cyan-bluish-gray-background-color has-text-color has-background has-link-color has-small-font-size wp-elements-738a8ac831b1663ad6a861afc05043d7 wp-block-paragraph\"><strong>G\u00e9rer un projet immobilier au sein de mon ASBL<\/strong><br>6 d\u00e9cembre 2024<br>Bruxelles<br>Formatrice&nbsp;: Antoine BAUDOT<br><a href=\"https:\/\/devs.openbaz.be\/stics\/formations\/formation-detail?formation=1254\" target=\"_blank\" rel=\"noreferrer noopener\">Plus d&#8217;informations<\/a><br><a href=\"https:\/\/devs.openbaz.be\/stics\/formations\/formulaire-dinscription\/?formation=1254\" target=\"_blank\" rel=\"noreferrer noopener\">S&#8217;inscrire<\/a><\/p>\n\n\n\n<p class=\"has-vivid-red-color has-cyan-bluish-gray-background-color has-text-color has-background has-link-color has-small-font-size wp-elements-a882f398e4efe030371f5fda270a8600 wp-block-paragraph\"><strong>La carte mentale dans tous ses \u00e9tats&nbsp;: un outil pour penser, une technique pour s\u2019organiser, un espace pour cr\u00e9er\u2026<\/strong> <strong>[COMPLET]<\/strong><br>6 et 13 d\u00e9cembre 2024<br>Bruxelles<br>Formatrice&nbsp;: C\u00e9line LANGENDRIES<br>Plus d&#8217;informations<br>S&#8217;inscrire<\/p>\n\n\n\n<p class=\"has-black-color has-cyan-bluish-gray-background-color has-text-color has-background has-link-color has-small-font-size wp-elements-a533714cb0527f96c39d74436fb07ffb wp-block-paragraph\"><strong>Me perfectionner dans Microsoft Excel pour mieux g\u00e9rer mon travail<\/strong><br>13 d\u00e9cembre 2024<br>Bruxelles<br>Formateur&nbsp;: Antoine BAUDOT<br><a href=\"https:\/\/devs.openbaz.be\/stics\/formations\/formation-detail?formation=1246\" target=\"_blank\" rel=\"noreferrer noopener\">Plus d&#8217;informations<\/a><br><a href=\"https:\/\/devs.openbaz.be\/stics\/formations\/formulaire-dinscription\/?formation=1246\" target=\"_blank\" rel=\"noreferrer noopener\">S&#8217;inscrire<\/a><\/p>\n\n\n\n<p class=\"wp-block-paragraph\"><br><\/p>","protected":false},"excerpt":{"rendered":"<p>Nous appliquions d\u00e9j\u00e0 un tarif pr\u00e9f\u00e9rentiel pour le secteur associatif. Pour nos formations du quatri\u00e8me trimestre 2024, nous allons plus loin&nbsp;: ces travailleur\u00b7euse\u00b7s peuvent d\u00e9sormais s&#8217;inscrire gratuitement \u00e0 pr\u00e8s de 30 formations pluridisciplinaires couvrant le spectre complet de la gestion de structure, d&#8217;\u00e9quipe et de projet, y compris le d\u00e9veloppement personnel et le bien-\u00eatre au [&hellip;]<\/p>","protected":false},"author":1,"featured_media":5103,"comment_status":"open","ping_status":"open","sticky":false,"template":"","format":"standard","meta":{"_acf_changed":false,"_seopress_robots_primary_cat":"","_seopress_titles_title":"","_seopress_titles_desc":"","_seopress_robots_index":"","_formation_external_id":"","_formation_date_debut":"","_formation_date_fin":"","_formation_heure_debut":"","_formation_heure_fin":"","_formation_cancelled":"","_formation_youtube":"","_formation_tarif":0,"_formation_info_date":"","_formation_info_diagnostic_oui":"","_formation_nom_formateur":"","_formation_prenom_formateur":"","_formation_nom_formateur2":"","_formation_prenom_formateur2":"","_formation_public":"","_formation_objectif":"","_formation_methodologie":"","_formation_itineraire":"","_formation_tarif_cs":0,"_formation_tarif_preferentiel":0,"_formation_info_diagnostic":"","_formation_localite":"","_formation_id_is_distant":"","_formation_heure_label":"","_formation_reference":"","_formation_presentation":"","_formation_archived":"","footnotes":""},"categories":[188],"tags":[],"class_list":["post-5063","post","type-post","status-publish","format-standard","has-post-thumbnail","hentry","category-news"],"acf":[],"_links":{"self":[{"href":"https:\/\/devs.openbaz.be\/stics\/wp-json\/wp\/v2\/posts\/5063","targetHints":{"allow":["GET"]}}],"collection":[{"href":"https:\/\/devs.openbaz.be\/stics\/wp-json\/wp\/v2\/posts"}],"about":[{"href":"https:\/\/devs.openbaz.be\/stics\/wp-json\/wp\/v2\/types\/post"}],"author":[{"embeddable":true,"href":"https:\/\/devs.openbaz.be\/stics\/wp-json\/wp\/v2\/users\/1"}],"replies":[{"embeddable":true,"href":"https:\/\/devs.openbaz.be\/stics\/wp-json\/wp\/v2\/comments?post=5063"}],"version-history":[{"count":0,"href":"https:\/\/devs.openbaz.be\/stics\/wp-json\/wp\/v2\/posts\/5063\/revisions"}],"wp:featuredmedia":[{"embeddable":true,"href":"https:\/\/devs.openbaz.be\/stics\/wp-json\/wp\/v2\/media\/5103"}],"wp:attachment":[{"href":"https:\/\/devs.openbaz.be\/stics\/wp-json\/wp\/v2\/media?parent=5063"}],"wp:term":[{"taxonomy":"category","embeddable":true,"href":"https:\/\/devs.openbaz.be\/stics\/wp-json\/wp\/v2\/categories?post=5063"},{"taxonomy":"post_tag","embeddable":true,"href":"https:\/\/devs.openbaz.be\/stics\/wp-json\/wp\/v2\/tags?post=5063"}],"curies":[{"name":"wp","href":"https:\/\/api.w.org\/{rel}","templated":true}]}}