{"id":5026,"date":"2024-09-09T16:58:51","date_gmt":"2024-09-09T14:58:51","guid":{"rendered":"https:\/\/devs.openbaz.be\/stics\/?p=5026"},"modified":"2024-09-09T16:58:51","modified_gmt":"2024-09-09T14:58:51","slug":"matinee-detudes-la-condition-de-disposition-au-travail-dans-les-cpas","status":"publish","type":"post","link":"https:\/\/devs.openbaz.be\/stics\/matinee-detudes-la-condition-de-disposition-au-travail-dans-les-cpas\/","title":{"rendered":"Matin\u00e9e d&#8217;\u00e9tude&nbsp;: la\u00a0condition de disposition au travail dans\u00a0les CPAS"},"content":{"rendered":"\n<p class=\"wp-block-paragraph\">Que se cache-t-il derri\u00e8re la notion de \u00ab&nbsp;disposition au travail&nbsp;\u00bb dans le langage et la l\u00e9gislation des CPAS&nbsp;?<\/p>\n\n\n\n<p class=\"wp-block-paragraph\">Comment proposer des lignes directrices pour que cette notion soit appliqu\u00e9e de mani\u00e8re \u00e9quitable dans chaque situation sp\u00e9cifique&nbsp;?<\/p>\n\n\n\n<p class=\"wp-block-paragraph\">Comment fournir aux travailleurs sociaux une aide \u00e0 la prise de d\u00e9cision pour int\u00e9grer cette notion dans leur accompagnement&nbsp;?<\/p>\n\n\n\n<p class=\"wp-block-paragraph\">Nous tenterons d\u2019y r\u00e9pondre avec vous, mandataires politiques, personnes travaillant dans et hors des CPAS et ayants-droits, lors de notre matin\u00e9e d&#8217;\u00e9tudes consacr\u00e9e \u00e0 la condition de disposition au travail dans les CPAS. L&#8217;\u00e9v\u00e9nement aura lieu <strong>le 5 novembre prochain au Campus Solbosch de l&#8217;ULB<\/strong>.<\/p>\n\n\n\n<p class=\"wp-block-paragraph\">Le programme compte plusieurs fl\u00e8ches \u00e0 son arc&nbsp;:<\/p>\n\n\n\n<ul class=\"wp-block-list\">\n<li><a href=\"https:\/\/www.linkedin.com\/in\/ccaldarini\/\" target=\"_blank\" rel=\"noreferrer noopener\">Carlo Caldarini<\/a>, sociologue du travail et des politiques sociales, pr\u00e9sentera un guide m\u00e9thodologique et une \u00ab&nbsp;grille&nbsp;\u00bb d&#8217;analyse flexible, visant une application \u00e9quitable et conforme \u00e0 la loi de la condition de disposition au travail en CPAS.<br><\/li>\n\n\n\n<li>La <a href=\"https:\/\/streetlawclinic.ulb.be\/\" target=\"_blank\" rel=\"noreferrer noopener\">Street Law Clinic<\/a> en droit social de l\u2019ULB et le <a href=\"https:\/\/www.le-forum.org\/\" target=\"_blank\" rel=\"noreferrer noopener\">Forum \u2013 Bruxelles contre les in\u00e9galit\u00e9s<\/a> interrogeront le cas sp\u00e9cifique des \u00e9tudiant\u22c5e\u22c5s et la question du job \u00e9tudiant.<br><\/li>\n\n\n\n<li>La <a href=\"https:\/\/www.liguedh.be\/\" target=\"_blank\" rel=\"noreferrer noopener\">Ligue des droits humains<\/a> et le <a href=\"http:\/\/www.asbl-csce.be\/\" target=\"_blank\" rel=\"noreferrer noopener\">Collectif Solidarit\u00e9 Contre l\u2019Exclusion<\/a> partageront leurs 24 v\u0153ux de r\u00e9forme de la Loi DIS.<\/li>\n<\/ul>\n\n\n\n<h2 class=\"wp-block-heading\">Deux outils gratuits<\/h2>\n\n\n\n<p class=\"wp-block-paragraph\">En vous inscrivant \u00e0 cette matin\u00e9e d&#8217;\u00e9tudes, vous pourrez b\u00e9n\u00e9ficier gratuitement de deux outils pratiques sur la condition de disposition au travail&nbsp; :un guide complet sur la mati\u00e8re&nbsp;; un mod\u00e8le de grille d&#8217;analyse.<\/p>\n\n\n\n<div class=\"wp-block-buttons is-content-justification-center is-layout-flex wp-container-core-buttons-is-layout-3e41869c wp-block-buttons-is-layout-flex\">\n<div class=\"wp-block-button is-style-outline is-style-outline--1\"><a class=\"wp-block-button__link has-text-align-center wp-element-button\" href=\"https:\/\/framaforms.org\/disposition-au-travail-dans-les-cpas-5-novembre-1724061221?_cldee=ypA5JafgWLi3eHtVQI7OEvlG7NjOFO0Ly8udxJMBU_qHkuyXfhiJZBizP1hc4Bjdyy2Rz1gtTjrRCeX6pmg2lQ&amp;recipientid=contact-8e203d798657ee11be6e0022487feda7-7880835fa0e348fead827be314258041&amp;utm_source=ClickDimensions&amp;utm_medium=email&amp;utm_campaign=Creditmail%202024%2F09&amp;esid=aea0d822-4e65-ef11-bfe2-6045bd9a1f74\" target=\"_blank\" rel=\"noreferrer noopener\">S&#8217;inscrire<\/a><\/div>\n<\/div>","protected":false},"excerpt":{"rendered":"<p>Que se cache-t-il derri\u00e8re la notion de \u00ab&nbsp;disposition au travail&nbsp;\u00bb dans le langage et la l\u00e9gislation des CPAS&nbsp;? Comment proposer des lignes directrices pour que cette notion soit appliqu\u00e9e de mani\u00e8re \u00e9quitable dans chaque situation sp\u00e9cifique&nbsp;? Comment fournir aux travailleurs sociaux une aide \u00e0 la prise de d\u00e9cision pour int\u00e9grer cette notion dans leur accompagnement&nbsp;? Nous tenterons d\u2019y r\u00e9pondre avec vous, mandataires politiques, personnes travaillant dans et hors des CPAS et ayants-droits, lors de notre matin\u00e9e d&#8217;\u00e9tudes consacr\u00e9e \u00e0 la condition de disposition au travail dans les CPAS. L&#8217;\u00e9v\u00e9nement aura lieu le 5 novembre prochain au Campus Solbosch de l&#8217;ULB.<\/p>","protected":false},"author":1,"featured_media":5031,"comment_status":"open","ping_status":"open","sticky":false,"template":"","format":"standard","meta":{"_acf_changed":false,"_seopress_robots_primary_cat":"","_seopress_titles_title":"","_seopress_titles_desc":"","_seopress_robots_index":"","_formation_external_id":"","_formation_date_debut":"","_formation_date_fin":"","_formation_heure_debut":"","_formation_heure_fin":"","_formation_cancelled":"","_formation_youtube":"","_formation_tarif":0,"_formation_info_date":"","_formation_info_diagnostic_oui":"","_formation_nom_formateur":"","_formation_prenom_formateur":"","_formation_nom_formateur2":"","_formation_prenom_formateur2":"","_formation_public":"","_formation_objectif":"","_formation_methodologie":"","_formation_itineraire":"","_formation_tarif_cs":0,"_formation_tarif_preferentiel":0,"_formation_info_diagnostic":"","_formation_localite":"","_formation_id_is_distant":"","_formation_heure_label":"","_formation_reference":"","_formation_presentation":"","_formation_archived":"","footnotes":""},"categories":[188],"tags":[],"class_list":["post-5026","post","type-post","status-publish","format-standard","has-post-thumbnail","hentry","category-news"],"acf":[],"_links":{"self":[{"href":"https:\/\/devs.openbaz.be\/stics\/wp-json\/wp\/v2\/posts\/5026","targetHints":{"allow":["GET"]}}],"collection":[{"href":"https:\/\/devs.openbaz.be\/stics\/wp-json\/wp\/v2\/posts"}],"about":[{"href":"https:\/\/devs.openbaz.be\/stics\/wp-json\/wp\/v2\/types\/post"}],"author":[{"embeddable":true,"href":"https:\/\/devs.openbaz.be\/stics\/wp-json\/wp\/v2\/users\/1"}],"replies":[{"embeddable":true,"href":"https:\/\/devs.openbaz.be\/stics\/wp-json\/wp\/v2\/comments?post=5026"}],"version-history":[{"count":0,"href":"https:\/\/devs.openbaz.be\/stics\/wp-json\/wp\/v2\/posts\/5026\/revisions"}],"wp:featuredmedia":[{"embeddable":true,"href":"https:\/\/devs.openbaz.be\/stics\/wp-json\/wp\/v2\/media\/5031"}],"wp:attachment":[{"href":"https:\/\/devs.openbaz.be\/stics\/wp-json\/wp\/v2\/media?parent=5026"}],"wp:term":[{"taxonomy":"category","embeddable":true,"href":"https:\/\/devs.openbaz.be\/stics\/wp-json\/wp\/v2\/categories?post=5026"},{"taxonomy":"post_tag","embeddable":true,"href":"https:\/\/devs.openbaz.be\/stics\/wp-json\/wp\/v2\/tags?post=5026"}],"curies":[{"name":"wp","href":"https:\/\/api.w.org\/{rel}","templated":true}]}}