{"id":4917,"date":"2024-05-13T15:38:09","date_gmt":"2024-05-13T13:38:09","guid":{"rendered":"https:\/\/devs.openbaz.be\/stics\/?p=4917"},"modified":"2024-05-13T15:38:09","modified_gmt":"2024-05-13T13:38:09","slug":"artspublics-lance-sa-nouvelle-edition-de-la-formation-bamba-champs-mediacraft-2024","status":"publish","type":"post","link":"https:\/\/devs.openbaz.be\/stics\/artspublics-lance-sa-nouvelle-edition-de-la-formation-bamba-champs-mediacraft-2024\/","title":{"rendered":"Arts&amp;Publics lance sa\u00a0nouvelle \u00e9dition de la formation\u00a0BAMBA &#8211; CHAMPS &#8211; MEDIACRAFT 2024\u00a0!"},"content":{"rendered":"\n<p class=\"wp-block-paragraph\">Si vous connaissez des personnes int\u00e9ress\u00e9es par ce programme de formation, renvoyez-les vers les&nbsp;<strong>s\u00e9ances d&#8217;information qui ont lieu ce mois de mai&nbsp;!&nbsp;Le lien pour s&#8217;y inscrire est juste<a href=\"https:\/\/docs.google.com\/forms\/d\/1zCYMQwv-MPs_5YUzlU6aDfeXeYk79gC7P9MuJa2PYDo\/viewform?edit_requested=true\" target=\"_blank\" rel=\"noreferrer noopener\">&nbsp;ici&nbsp;!<\/a><\/strong><\/p>\n\n\n\n<p class=\"wp-block-paragraph\">Cette ann\u00e9e, Arts &amp; Publics pr\u00e9sente trois formations, toutes inspir\u00e9es des pr\u00e9c\u00e9dentes \u00e9ditions. Nous avons rassembl\u00e9 nos programmes pour les proposer simultan\u00e9ment \u00e0 la rentr\u00e9e de septembre, avec un tronc commun et trois orientations distinctes pour s&#8217;adapter \u00e0 diff\u00e9rents profils de candidat.e.s.<\/p>\n\n\n\n<p class=\"wp-block-paragraph\"><strong>Voici un aper\u00e7u rapide des formations&nbsp;:<\/strong><\/p>\n\n\n\n<figure style=\"font-size:16px\" class=\"wp-block-table\"><table><tbody><tr><td><strong>MEDIACRAFT&nbsp;:&nbsp;<\/strong>Une formation destin\u00e9e aux personnes \u00e2g\u00e9es de 18 \u00e0 30 ans qui souhaitent d\u00e9couvrir ou approfondir l\u2019utilisation des outils num\u00e9riques ainsi que leur approche de publics sp\u00e9cifiques dans les secteurs socioculturels et artistiques.<br><em>Les comp\u00e9tences acquises pourront \u00eatre d\u00e9ploy\u00e9es dans les secteurs culturels et artistiques, au sein de structures associatives, EPN, structures communales, Maison de Jeunes, Biblioth\u00e8que etc.<\/em><br><br><strong>BAMBA&nbsp;:<\/strong>&nbsp;Une formation destin\u00e9e aux artistes de tous horizons, demandeurs d&#8217;emploi ou b\u00e9n\u00e9ficiaires du CPAS, d\u00e9sireux de devenir m\u00e9diateur.ice culturel.le. Le programme offre des modules sp\u00e9cialis\u00e9s, des rencontres professionnelles et des immersions pratiques pour d\u00e9velopper les comp\u00e9tences n\u00e9cessaires.<br><em>Le programme de la BAMBA 2024 propose de nouveaux modules afin d\u2019explorer la m\u00e9diation culturelle dans le milieu associatif bruxellois, les Mus\u00e9es et l\u2019univers hospitalier.<\/em><br><br><strong>CHAMPS&nbsp;<\/strong>: La formation, destin\u00e9e aux artistes, demandeurs d&#8217;emploi ou b\u00e9n\u00e9ficiaires du CPAS, dispense une s\u00e9rie de modules ax\u00e9s sur les comp\u00e9tences \u00e0 d\u00e9velopper pour g\u00e9rer les \u00e9tapes de production d\u2019un projet mais aussi, des rencontres professionnelles, des immersions pratiques, des partages d\u2019exp\u00e9rience.<br><em>Elle sera davantage ax\u00e9e sur les outils concrets n\u00e9cessaires dans chaque \u00e9tape du cycle de production artistique (appels \u00e0 projets, dossiers de pr\u00e9sentation, r\u00e9sidences artistiques, etc.)<\/em><\/td><\/tr><\/tbody><\/table><\/figure>\n\n\n\n<p class=\"wp-block-paragraph\"><\/p>\n\n\n\n<p class=\"wp-block-paragraph\"><strong>Pour d\u00e9couvrir ces programmes en d\u00e9tail et conna\u00eetre les \u00e9tapes d&#8217;inscription, nous vous invitons \u00e0 participer \u00e0 l&#8217;une de ces s\u00e9ances d&#8217;information.&nbsp;Voici les dates pr\u00e9vues&nbsp;:<\/strong><\/p>\n\n\n\n<ul class=\"wp-block-list\">\n<li>Le 13 mai \u00e0 10h et \u00e0 14h (distanciel)<\/li>\n\n\n\n<li>Le 14 mai \u00e0 10h (distanciel)<\/li>\n\n\n\n<li>Le 22 mai en pr\u00e9sentiel \u00e0 10H et \u00e0 17h<\/li>\n\n\n\n<li>Le 23 mai en pr\u00e9sentiel \u00e0 10H et \u00e0 17h<\/li>\n<\/ul>\n\n\n\n<p class=\"wp-block-paragraph\"><em>Les s\u00e9ances d&#8217;informations en pr\u00e9sentiel ont lieu dans les bureaux de l&#8217;asbl Arts &amp; Publics<\/em>, <em>chauss\u00e9e de Boondael 6, 1050 Ixelles.<\/em><\/p>\n\n\n\n<p class=\"wp-block-paragraph\"><strong>Pour participer \u00e0 ces s\u00e9ances d&#8217;information, vous devez simplement remplir\u00a0<a href=\"https:\/\/docs.google.com\/forms\/d\/1zCYMQwv-MPs_5YUzlU6aDfeXeYk79gC7P9MuJa2PYDo\/viewform?edit_requested=true\" target=\"_blank\" rel=\"noreferrer noopener\">le formulaire d&#8217;inscription<\/a>\u00a0que vous retrouvez sur\u00a0<a href=\"https:\/\/artsetpublics.be\/actualites\/formations-bamba-champs-et-mediacraft-2024-a-vos-agendas\/\" target=\"_blank\" rel=\"noreferrer noopener\">le site internet de l&#8217;asbl Arts &amp; Publics <\/a><\/strong><\/p>","protected":false},"excerpt":{"rendered":"<p>Si vous connaissez des personnes int\u00e9ress\u00e9es par ce programme de formation, renvoyez-les vers les&nbsp;s\u00e9ances d&#8217;information qui ont lieu ce mois de mai&nbsp;!&nbsp;Le lien pour s&#8217;y inscrire est juste&nbsp;ici&nbsp;! Cette ann\u00e9e, Arts &amp; Publics pr\u00e9sente trois formations, toutes inspir\u00e9es des pr\u00e9c\u00e9dentes \u00e9ditions. Nous avons rassembl\u00e9 nos programmes pour les proposer simultan\u00e9ment \u00e0 la rentr\u00e9e de septembre, [&hellip;]<\/p>","protected":false},"author":1,"featured_media":4928,"comment_status":"open","ping_status":"open","sticky":false,"template":"","format":"standard","meta":{"_acf_changed":false,"_seopress_robots_primary_cat":"","_seopress_titles_title":"","_seopress_titles_desc":"","_seopress_robots_index":"","_formation_external_id":"","_formation_date_debut":"","_formation_date_fin":"","_formation_heure_debut":"","_formation_heure_fin":"","_formation_cancelled":"","_formation_youtube":"","_formation_tarif":0,"_formation_info_date":"","_formation_info_diagnostic_oui":"","_formation_nom_formateur":"","_formation_prenom_formateur":"","_formation_nom_formateur2":"","_formation_prenom_formateur2":"","_formation_public":"","_formation_objectif":"","_formation_methodologie":"","_formation_itineraire":"","_formation_tarif_cs":0,"_formation_tarif_preferentiel":0,"_formation_info_diagnostic":"","_formation_localite":"","_formation_id_is_distant":"","_formation_heure_label":"","_formation_reference":"","_formation_presentation":"","_formation_archived":"","footnotes":""},"categories":[188],"tags":[],"class_list":["post-4917","post","type-post","status-publish","format-standard","has-post-thumbnail","hentry","category-news"],"acf":[],"_links":{"self":[{"href":"https:\/\/devs.openbaz.be\/stics\/wp-json\/wp\/v2\/posts\/4917","targetHints":{"allow":["GET"]}}],"collection":[{"href":"https:\/\/devs.openbaz.be\/stics\/wp-json\/wp\/v2\/posts"}],"about":[{"href":"https:\/\/devs.openbaz.be\/stics\/wp-json\/wp\/v2\/types\/post"}],"author":[{"embeddable":true,"href":"https:\/\/devs.openbaz.be\/stics\/wp-json\/wp\/v2\/users\/1"}],"replies":[{"embeddable":true,"href":"https:\/\/devs.openbaz.be\/stics\/wp-json\/wp\/v2\/comments?post=4917"}],"version-history":[{"count":0,"href":"https:\/\/devs.openbaz.be\/stics\/wp-json\/wp\/v2\/posts\/4917\/revisions"}],"wp:featuredmedia":[{"embeddable":true,"href":"https:\/\/devs.openbaz.be\/stics\/wp-json\/wp\/v2\/media\/4928"}],"wp:attachment":[{"href":"https:\/\/devs.openbaz.be\/stics\/wp-json\/wp\/v2\/media?parent=4917"}],"wp:term":[{"taxonomy":"category","embeddable":true,"href":"https:\/\/devs.openbaz.be\/stics\/wp-json\/wp\/v2\/categories?post=4917"},{"taxonomy":"post_tag","embeddable":true,"href":"https:\/\/devs.openbaz.be\/stics\/wp-json\/wp\/v2\/tags?post=4917"}],"curies":[{"name":"wp","href":"https:\/\/api.w.org\/{rel}","templated":true}]}}