{"id":4764,"date":"2024-02-15T19:32:59","date_gmt":"2024-02-15T18:32:59","guid":{"rendered":"https:\/\/devs.openbaz.be\/stics\/?p=4764"},"modified":"2024-02-15T19:32:59","modified_gmt":"2024-02-15T18:32:59","slug":"modules-de-formation-daccompagnateurs-en-gestion-dequipes-educatives","status":"publish","type":"post","link":"https:\/\/devs.openbaz.be\/stics\/modules-de-formation-daccompagnateurs-en-gestion-dequipes-educatives\/","title":{"rendered":"Modules de formation d\u2019accompagnateur.rices en gestion d\u2019\u00e9quipes \u00e9ducatives"},"content":{"rendered":"\n<p class=\"wp-block-paragraph\">L\u2019Observatoire du climat scolaire vous propose, dans le cadre de la nouvelle politique en mati\u00e8re d\u2019am\u00e9lioration du climat scolaire, le programme de formation 23-24 \u00e0 destination des op\u00e9rateurs de terrain. Ce programme, qui \u00e9voluera au fil des ans et des besoins du terrain, est destin\u00e9 \u00e0 la fois aux op\u00e9rateurs d\u00e9j\u00e0 agr\u00e9\u00e9s et \u00e0 ceux qui ne le sont pas encore.<\/p>\n\n\n\n<p class=\"has-text-color has-link-color wp-elements-94adf3d20e203adfdeb39f9fdeec8460 wp-block-paragraph\" style=\"color:#f31313\"><strong>Attention, toutes les formations ne sont pas ouvertes \u00e0 tout public, veuillez v\u00e9rifier les conditions d\u2019inscription pour chaque formation dans le tableau r\u00e9capitulatif<\/strong> <strong><a href=\"https:\/\/devs.openbaz.be\/stics\/wp-content\/uploads\/2024\/02\/Tableau-recapitulatif-2.pdf\">via ce lien<\/a><\/strong><\/p>\n\n\n\n<p class=\"wp-block-paragraph\">Il s\u2019agit ici, de vous pr\u00e9senter les possibilit\u00e9s qui vous sont offertes (de mani\u00e8re totalement volontaire et gratuite) afin de vous former et vous outiller en mati\u00e8re de climat scolaire et de harc\u00e8lement. Vous aurez la possibilit\u00e9 de choisir la ou les formations qui vous conviennent le mieux en fonction de votre besoin et de leur utilit\u00e9 sur le terrain.<\/p>\n\n\n\n<figure class=\"wp-block-table\"><table class=\"has-background\" style=\"background-color:#deecf4\"><tbody><tr><td><strong><em>Pour rappel, aucune de ces formations ne conditionne l\u2019agr\u00e9ment d\u00e9livr\u00e9 par la F\u00e9d\u00e9ration Wallonie-Bruxelles. Vous pourrez cependant \u00e9videmment les valoriser lors de votre demande d\u2019agr\u00e9ment afin de justifier votre expertise quant \u00e0 la th\u00e9matique<\/em>.<\/strong><\/td><\/tr><\/tbody><\/table><\/figure>\n\n\n\n<p class=\"wp-block-paragraph\"><\/p>\n\n\n\n<p class=\"wp-block-paragraph\"><br><strong><em><u>Dates des formations et modalit\u00e9s d\u2019inscriptions<\/u><\/em><\/strong><\/p>\n\n\n\n<p class=\"wp-block-paragraph\">Pour chacun de ces modules, les inscriptions sont g\u00e9r\u00e9es par nos partenaires. Vous retrouvez dans ce <a href=\"https:\/\/devs.openbaz.be\/stics\/wp-content\/uploads\/Flyer-VF-6.pdf\">flyer <\/a>et ce <a href=\"https:\/\/devs.openbaz.be\/stics\/wp-content\/uploads\/2024\/02\/Tableau-recapitulatif-2.pdf\">tableau r\u00e9capitulatif<\/a>  toutes les informations pratiques.<\/p>\n\n\n\n<p class=\"wp-block-paragraph\"><strong><u>&#x2714; <\/u><\/strong><strong><u>Climat scolaire<\/u><\/strong> (dispens\u00e9es par la Province de Li\u00e8ge)&nbsp;:<\/p>\n\n\n\n<figure class=\"wp-block-table\"><table><tbody><tr><td>Dates<\/td><td>Inscriptions<\/td><\/tr><tr><td><strong>20 et 21 mars<\/strong> <br><strong>17 et 18 avril<\/strong> <br><strong>22 et 23 mai<\/strong> <br><strong>26 et 27 juin<\/strong><\/td><td>Inscrivez-vous <a href=\"https:\/\/www.provincedeliege.be\/fr\/epa\/climatscolaire\"><strong><em>ici<\/em><\/strong><\/a>.<\/td><\/tr><\/tbody><\/table><\/figure>\n\n\n\n<p class=\"wp-block-paragraph\"><\/p>\n\n\n\n<p class=\"wp-block-paragraph\"><strong><u>&#x2714;Gestion d\u2019\u00e9quipes<\/u><\/strong>&nbsp;(dispens\u00e9es par le STICS)&nbsp;:<\/p>\n\n\n\n<figure class=\"wp-block-table\"><table><tbody><tr><td>&nbsp;<\/td><td>&nbsp;Dates<\/td><td>&nbsp;Inscriptions<\/td><\/tr><tr><td rowspan=\"2\">&nbsp;<strong>Modules introduction<\/strong><\/td><td><strong>19 et 26 juin&nbsp;<\/strong><\/td><td><a href=\"https:\/\/forminscriptionstics.netbaz.be\/form_stics_default\/index?formation=1202\"><strong>je m\u2019inscris<\/strong><\/a><\/td><\/tr><tr><td>&nbsp;<strong>3 et 4 juillet<\/strong><\/td><td>&nbsp;<a href=\"https:\/\/forminscriptionstics.netbaz.be\/form_stics_default\/index?formation=1200\"><strong>je m\u2019inscris<\/strong><\/a><\/td><\/tr><tr><td rowspan=\"2\">&nbsp;<strong>Modules sp\u00e9cialisation<\/strong><\/td><td>&nbsp;<strong>16 et 17 mai<\/strong><\/td><td>&nbsp;<a href=\"https:\/\/forminscriptionstics.netbaz.be\/form_stics_default\/index?formation=1203\"><strong>je m\u2019inscris<\/strong><\/a><\/td><\/tr><tr><td>&nbsp;<strong>3 et 5 juin<\/strong><\/td><td>&nbsp;<a href=\"https:\/\/forminscriptionstics.netbaz.be\/form_stics_default\/index?formation=1204\"><strong>je m\u2019inscris<\/strong><\/a><\/td><\/tr><\/tbody><\/table><\/figure>\n\n\n\n<p class=\"wp-block-paragraph\"><\/p>\n\n\n\n<p class=\"wp-block-paragraph\"><strong><u>&#x2714; KIVa<\/u><\/strong>&nbsp; (dispens\u00e9es par l\u2019Universit\u00e9 de Paix)&nbsp;:<br>Entre mai et octobre 2024. Les dates pr\u00e9cises de formation vous seront communiqu\u00e9es ult\u00e9rieurement.<\/p>\n\n\n\n<p class=\"wp-block-paragraph\"><strong><em><u>Des questions&nbsp;?<\/u><\/em><\/strong><\/p>\n\n\n\n<p class=\"wp-block-paragraph\">Pour toute question relative \u00e0 ces formations, leur contenu ou les modalit\u00e9s d\u2019inscription, vous pouvez nous contacter par mail via l\u2019adresse <a href=\"mailto:observatoire.climat@cfwb.be\">observatoire.climat@cfwb.be<\/a><\/p>\n\n\n\n<p class=\"wp-block-paragraph\"><em>.<\/em><\/p>\n\n\n\n<figure class=\"wp-block-image size-large\"><img alt=\"\" fetchpriority=\"high\" decoding=\"async\" width=\"1024\" height=\"161\" src=\"https:\/\/devs.openbaz.be\/stics\/wp-content\/uploads\/Bas-de-page-Clima-scolaire-2024-1024x161.png\" alt=\"\" class=\"wp-image-4781\"\/><\/figure>","protected":false},"excerpt":{"rendered":"<p>L\u2019Observatoire du climat scolaire vous propose, dans le cadre de la nouvelle politique en mati\u00e8re d\u2019am\u00e9lioration du climat scolaire, le programme de formation 23-24 \u00e0 destination des op\u00e9rateurs de terrain. Ce programme, qui \u00e9voluera au fil des ans et des besoins du terrain, est destin\u00e9 \u00e0 la fois aux op\u00e9rateurs d\u00e9j\u00e0 agr\u00e9\u00e9s et \u00e0 ceux [&hellip;]<\/p>","protected":false},"author":1,"featured_media":4780,"comment_status":"open","ping_status":"open","sticky":false,"template":"","format":"standard","meta":{"_acf_changed":false,"_seopress_robots_primary_cat":"","_seopress_titles_title":"","_seopress_titles_desc":"","_seopress_robots_index":"","_formation_external_id":"","_formation_date_debut":"","_formation_date_fin":"","_formation_heure_debut":"","_formation_heure_fin":"","_formation_cancelled":"","_formation_youtube":"","_formation_tarif":0,"_formation_info_date":"","_formation_info_diagnostic_oui":"","_formation_nom_formateur":"","_formation_prenom_formateur":"","_formation_nom_formateur2":"","_formation_prenom_formateur2":"","_formation_public":"","_formation_objectif":"","_formation_methodologie":"","_formation_itineraire":"","_formation_tarif_cs":0,"_formation_tarif_preferentiel":0,"_formation_info_diagnostic":"","_formation_localite":"","_formation_id_is_distant":"","_formation_heure_label":"","_formation_reference":"","_formation_presentation":"","_formation_archived":"","footnotes":""},"categories":[188],"tags":[],"class_list":["post-4764","post","type-post","status-publish","format-standard","has-post-thumbnail","hentry","category-news"],"acf":[],"_links":{"self":[{"href":"https:\/\/devs.openbaz.be\/stics\/wp-json\/wp\/v2\/posts\/4764","targetHints":{"allow":["GET"]}}],"collection":[{"href":"https:\/\/devs.openbaz.be\/stics\/wp-json\/wp\/v2\/posts"}],"about":[{"href":"https:\/\/devs.openbaz.be\/stics\/wp-json\/wp\/v2\/types\/post"}],"author":[{"embeddable":true,"href":"https:\/\/devs.openbaz.be\/stics\/wp-json\/wp\/v2\/users\/1"}],"replies":[{"embeddable":true,"href":"https:\/\/devs.openbaz.be\/stics\/wp-json\/wp\/v2\/comments?post=4764"}],"version-history":[{"count":0,"href":"https:\/\/devs.openbaz.be\/stics\/wp-json\/wp\/v2\/posts\/4764\/revisions"}],"wp:featuredmedia":[{"embeddable":true,"href":"https:\/\/devs.openbaz.be\/stics\/wp-json\/wp\/v2\/media\/4780"}],"wp:attachment":[{"href":"https:\/\/devs.openbaz.be\/stics\/wp-json\/wp\/v2\/media?parent=4764"}],"wp:term":[{"taxonomy":"category","embeddable":true,"href":"https:\/\/devs.openbaz.be\/stics\/wp-json\/wp\/v2\/categories?post=4764"},{"taxonomy":"post_tag","embeddable":true,"href":"https:\/\/devs.openbaz.be\/stics\/wp-json\/wp\/v2\/tags?post=4764"}],"curies":[{"name":"wp","href":"https:\/\/api.w.org\/{rel}","templated":true}]}}