{"id":3023,"date":"2023-02-06T13:56:58","date_gmt":"2023-02-06T12:56:58","guid":{"rendered":"https:\/\/vz381arfja.preview.infomaniak.website\/?p=3023"},"modified":"2023-02-06T13:56:58","modified_gmt":"2023-02-06T12:56:58","slug":"les-participants-temoignent","status":"publish","type":"post","link":"https:\/\/devs.openbaz.be\/stics\/les-participants-temoignent\/","title":{"rendered":"Formation E-LEARNING, les participants t\u00e9moignent&#8230;"},"content":{"rendered":"\n<p class=\"wp-block-paragraph\">D\u00e9couvrez ce que les participants disent de notre formation 100% en ligne &#8220;Construire et g\u00e9rer son projet&#8221;\u00a9 en 5 points dans cette vid\u00e9o-t\u00e9moignage. Un tout grand MERCI \u00e0 Florence Caulier, directrice de <a href=\"https:\/\/www.facebook.com\/tremplinsasbl\/?__cft__[0]=AZW4ycYKagjIxobWpGdJHqdg7_HlQzX75YjmTAEL1d9Bt4aXCvDgVEb-xoIo9PFZSe1h0vulkJRY2jYSKKd_5rgHG1fth422kqHrbZrXlAQN8ewTMziFyupGYRzw2bhUlRLwLGr5V_BGvnQtovK6SFmTz6oIdsd0PdU0vg-JNhqeax20lw8JELXT7HgHusAoUwU&amp;__tn__=kK-R\">Festival Bruxelles Babel &#8211; Tremplins asbl<\/a>, G\u00e9raldine Kamps, charg\u00e9e de communication chez <a href=\"https:\/\/www.facebook.com\/WBEnseignement\/?__cft__[0]=AZW4ycYKagjIxobWpGdJHqdg7_HlQzX75YjmTAEL1d9Bt4aXCvDgVEb-xoIo9PFZSe1h0vulkJRY2jYSKKd_5rgHG1fth422kqHrbZrXlAQN8ewTMziFyupGYRzw2bhUlRLwLGr5V_BGvnQtovK6SFmTz6oIdsd0PdU0vg-JNhqeax20lw8JELXT7HgHusAoUwU&amp;__tn__=kK-R\">Wallonie-Bruxelles Enseignement<\/a> et Nicolas Vico, Coordinateur de <a href=\"https:\/\/www.facebook.com\/LaboPhilo-2083479538534812\/?__cft__[0]=AZW4ycYKagjIxobWpGdJHqdg7_HlQzX75YjmTAEL1d9Bt4aXCvDgVEb-xoIo9PFZSe1h0vulkJRY2jYSKKd_5rgHG1fth422kqHrbZrXlAQN8ewTMziFyupGYRzw2bhUlRLwLGr5V_BGvnQtovK6SFmTz6oIdsd0PdU0vg-JNhqeax20lw8JELXT7HgHusAoUwU&amp;__tn__=kK-R\">LaboPhilo<\/a>.<\/p>\n\n\n\n<figure class=\"wp-block-embed is-type-video is-provider-youtube wp-block-embed-youtube wp-embed-aspect-16-9 wp-has-aspect-ratio\"><div class=\"wp-block-embed__wrapper\">\n<iframe title=\"Te\u0301moignageFormation100%enLigne1GDP\" width=\"800\" height=\"450\" src=\"https:\/\/www.youtube.com\/embed\/Wf0RgQV_gsU?feature=oembed\" frameborder=\"0\" allow=\"accelerometer; autoplay; clipboard-write; encrypted-media; gyroscope; picture-in-picture; web-share\" referrerpolicy=\"strict-origin-when-cross-origin\" allowfullscreen><\/iframe>\n<\/div><\/figure>\n\n\n\n<p class=\"wp-block-paragraph\"><\/p>","protected":false},"excerpt":{"rendered":"<p>D\u00e9couvrez ce que les participants disent de notre formation 100% en ligne &#8220;Construire et g\u00e9rer son projet&#8221;\u00a9 en 5 points dans cette vid\u00e9o-t\u00e9moignage. Un tout grand MERCI \u00e0 Florence Caulier, directrice de Festival Bruxelles Babel &#8211; Tremplins asbl, G\u00e9raldine Kamps, charg\u00e9e de communication chez Wallonie-Bruxelles Enseignement et Nicolas Vico, Coordinateur de LaboPhilo.<\/p>","protected":false},"author":1,"featured_media":3024,"comment_status":"open","ping_status":"open","sticky":false,"template":"","format":"standard","meta":{"_acf_changed":false,"_seopress_robots_primary_cat":"","_seopress_titles_title":"","_seopress_titles_desc":"","_seopress_robots_index":"","_formation_external_id":"","_formation_date_debut":"","_formation_date_fin":"","_formation_heure_debut":"","_formation_heure_fin":"","_formation_cancelled":"","_formation_youtube":"","_formation_tarif":0,"_formation_info_date":"","_formation_info_diagnostic_oui":"","_formation_nom_formateur":"","_formation_prenom_formateur":"","_formation_nom_formateur2":"","_formation_prenom_formateur2":"","_formation_public":"","_formation_objectif":"","_formation_methodologie":"","_formation_itineraire":"","_formation_tarif_cs":0,"_formation_tarif_preferentiel":0,"_formation_info_diagnostic":"","_formation_localite":"","_formation_id_is_distant":"","_formation_heure_label":"","_formation_reference":"","_formation_presentation":"","_formation_archived":"","footnotes":""},"categories":[188],"tags":[],"class_list":["post-3023","post","type-post","status-publish","format-standard","has-post-thumbnail","hentry","category-news"],"acf":[],"_links":{"self":[{"href":"https:\/\/devs.openbaz.be\/stics\/wp-json\/wp\/v2\/posts\/3023","targetHints":{"allow":["GET"]}}],"collection":[{"href":"https:\/\/devs.openbaz.be\/stics\/wp-json\/wp\/v2\/posts"}],"about":[{"href":"https:\/\/devs.openbaz.be\/stics\/wp-json\/wp\/v2\/types\/post"}],"author":[{"embeddable":true,"href":"https:\/\/devs.openbaz.be\/stics\/wp-json\/wp\/v2\/users\/1"}],"replies":[{"embeddable":true,"href":"https:\/\/devs.openbaz.be\/stics\/wp-json\/wp\/v2\/comments?post=3023"}],"version-history":[{"count":0,"href":"https:\/\/devs.openbaz.be\/stics\/wp-json\/wp\/v2\/posts\/3023\/revisions"}],"wp:featuredmedia":[{"embeddable":true,"href":"https:\/\/devs.openbaz.be\/stics\/wp-json\/wp\/v2\/media\/3024"}],"wp:attachment":[{"href":"https:\/\/devs.openbaz.be\/stics\/wp-json\/wp\/v2\/media?parent=3023"}],"wp:term":[{"taxonomy":"category","embeddable":true,"href":"https:\/\/devs.openbaz.be\/stics\/wp-json\/wp\/v2\/categories?post=3023"},{"taxonomy":"post_tag","embeddable":true,"href":"https:\/\/devs.openbaz.be\/stics\/wp-json\/wp\/v2\/tags?post=3023"}],"curies":[{"name":"wp","href":"https:\/\/api.w.org\/{rel}","templated":true}]}}