{"id":2285,"date":"2023-02-09T14:32:00","date_gmt":"2023-02-09T13:32:00","guid":{"rendered":"https:\/\/vz381arfja.preview.infomaniak.website\/?p=2285"},"modified":"2023-02-09T14:32:00","modified_gmt":"2023-02-09T13:32:00","slug":"diagnostics","status":"publish","type":"post","link":"https:\/\/devs.openbaz.be\/stics\/diagnostics\/","title":{"rendered":"Diagno\u2019STICS&nbsp;: votre s\u00e9quence int\u00e9gr\u00e9e de retour sur exp\u00e9rience"},"content":{"rendered":"\n<p class=\"wp-block-paragraph\">Dans le cadre du processus et du suivi qualit\u00e9 de nos actions de formation, nos participants sont invit\u00e9s \u00e0 une <strong>s\u00e9quence d\u2019auto-\u00e9valuation<\/strong> incluse dans le cycle, afin de v\u00e9rifier ensemble l\u2019int\u00e9gration des comp\u00e9tences acquises en formation et leur application professionnelle au quotidien.<\/p>\n\n\n\n<p class=\"has-text-color wp-block-paragraph\" style=\"color:#1364a0\"><strong>Quelle est la plus-value pour vous&nbsp;?<\/strong><\/p>\n\n\n\n<p class=\"wp-block-paragraph\">Encadr\u00e9s par des experts, vous y partagerez vos r\u00e9ussites, vos difficult\u00e9s, vos r\u00e9flexions, des outils et des ressources, avec d\u2019autres acteurs du champ associatif et du secteur public.<\/p>\n\n\n\n<p class=\"wp-block-paragraph\">C\u2019est l\u2019occasion de vous initier au processus d\u2019\u00e9valuation continue dans une d\u00e9marche active d\u2019\u00c9ducation Permanente &#8211; dans l\u2019esprit des modifications du d\u00e9cret -, que vous pourrez ensuite appliquer dans votre propre structure ou transf\u00e9rer dans vos m\u00e9thodes de travail. <\/p>\n\n\n\n<p class=\"has-text-color wp-block-paragraph\" style=\"color:#1364a0\"><strong>Th\u00e9orie et pratiques seront au rendez-vous&nbsp;!<\/strong><\/p>\n\n\n\n<p class=\"has-vivid-cyan-blue-color has-text-color wp-block-paragraph\"><strong><span style=\"color:#0071a1\" class=\"has-inline-color\">D\u00e9couvrez dans cette courte vid\u00e9o ce que les participants en disent&#8230;<\/span><\/strong><\/p>\n\n\n\n<figure class=\"wp-block-embed is-type-video is-provider-youtube wp-block-embed-youtube wp-embed-aspect-16-9 wp-has-aspect-ratio\"><div class=\"wp-block-embed__wrapper\">\n<iframe title=\"Se\u0301quence de retour sur expe\u0301rience - Diagno&#039;Stics\" width=\"800\" height=\"450\" src=\"https:\/\/www.youtube.com\/embed\/IMiQWM7aBbs?feature=oembed\" frameborder=\"0\" allow=\"accelerometer; autoplay; clipboard-write; encrypted-media; gyroscope; picture-in-picture; web-share\" referrerpolicy=\"strict-origin-when-cross-origin\" allowfullscreen><\/iframe>\n<\/div><\/figure>","protected":false},"excerpt":{"rendered":"<p>Dans le cadre du processus et du suivi qualit\u00e9 de nos actions de formation, nos participants sont invit\u00e9s \u00e0 une s\u00e9quence d\u2019auto-\u00e9valuation incluse dans le cycle, afin de v\u00e9rifier ensemble l\u2019int\u00e9gration des comp\u00e9tences acquises en formation et leur application professionnelle au quotidien. Quelle est la plus-value pour vous&nbsp;? Encadr\u00e9s par des experts, vous y partagerez [&hellip;]<\/p>","protected":false},"author":1,"featured_media":3051,"comment_status":"open","ping_status":"open","sticky":false,"template":"","format":"standard","meta":{"_acf_changed":false,"_seopress_robots_primary_cat":"","_seopress_titles_title":"","_seopress_titles_desc":"","_seopress_robots_index":"","_formation_external_id":"","_formation_date_debut":"","_formation_date_fin":"","_formation_heure_debut":"","_formation_heure_fin":"","_formation_cancelled":"","_formation_youtube":"","_formation_tarif":0,"_formation_info_date":"","_formation_info_diagnostic_oui":"","_formation_nom_formateur":"","_formation_prenom_formateur":"","_formation_nom_formateur2":"","_formation_prenom_formateur2":"","_formation_public":"","_formation_objectif":"","_formation_methodologie":"","_formation_itineraire":"","_formation_tarif_cs":0,"_formation_tarif_preferentiel":0,"_formation_info_diagnostic":"","_formation_localite":"","_formation_id_is_distant":"","_formation_heure_label":"","_formation_reference":"","_formation_presentation":"","_formation_archived":"","footnotes":""},"categories":[188],"tags":[],"class_list":["post-2285","post","type-post","status-publish","format-standard","has-post-thumbnail","hentry","category-news"],"acf":[],"_links":{"self":[{"href":"https:\/\/devs.openbaz.be\/stics\/wp-json\/wp\/v2\/posts\/2285","targetHints":{"allow":["GET"]}}],"collection":[{"href":"https:\/\/devs.openbaz.be\/stics\/wp-json\/wp\/v2\/posts"}],"about":[{"href":"https:\/\/devs.openbaz.be\/stics\/wp-json\/wp\/v2\/types\/post"}],"author":[{"embeddable":true,"href":"https:\/\/devs.openbaz.be\/stics\/wp-json\/wp\/v2\/users\/1"}],"replies":[{"embeddable":true,"href":"https:\/\/devs.openbaz.be\/stics\/wp-json\/wp\/v2\/comments?post=2285"}],"version-history":[{"count":0,"href":"https:\/\/devs.openbaz.be\/stics\/wp-json\/wp\/v2\/posts\/2285\/revisions"}],"wp:featuredmedia":[{"embeddable":true,"href":"https:\/\/devs.openbaz.be\/stics\/wp-json\/wp\/v2\/media\/3051"}],"wp:attachment":[{"href":"https:\/\/devs.openbaz.be\/stics\/wp-json\/wp\/v2\/media?parent=2285"}],"wp:term":[{"taxonomy":"category","embeddable":true,"href":"https:\/\/devs.openbaz.be\/stics\/wp-json\/wp\/v2\/categories?post=2285"},{"taxonomy":"post_tag","embeddable":true,"href":"https:\/\/devs.openbaz.be\/stics\/wp-json\/wp\/v2\/tags?post=2285"}],"curies":[{"name":"wp","href":"https:\/\/api.w.org\/{rel}","templated":true}]}}