{"id":11894,"date":"2026-01-08T11:22:55","date_gmt":"2026-01-08T10:22:55","guid":{"rendered":"https:\/\/devs.openbaz.be\/stics\/?p=11894"},"modified":"2026-01-08T11:27:47","modified_gmt":"2026-01-08T10:27:47","slug":"formation-ocs-2026-concevoir-et-animer-une-formation-en-milieu-scolaire","status":"publish","type":"post","link":"https:\/\/devs.openbaz.be\/stics\/formation-ocs-2026-concevoir-et-animer-une-formation-en-milieu-scolaire\/","title":{"rendered":"Formation OCS 2026&nbsp;: Concevoir et animer une formation en milieu scolaire"},"content":{"rendered":"\n<p class=\"wp-block-paragraph\">Vous intervenez en milieu scolaire et souhaitez renforcer vos comp\u00e9tences p\u00e9dagogiques&nbsp;? Le STICS, en collaboration avec l&#8217;<a href=\"http:\/\/www.enseignement.be\/index.php?page=28698&amp;navi=4993&amp;rank_page=28698\" target=\"_blank\" rel=\"noreferrer noopener\">Observatoire du Climat scolaire (F\u00e9d\u00e9ration Wallonie-Bruxelles)<\/a>, lance, cette ann\u00e9e encore, un programme de formation de 3 jours destin\u00e9 aux op\u00e9rateur\u00b7rices de terrain, pour <strong>concevoir, structurer et animer des formations adapt\u00e9es aux r\u00e9alit\u00e9s scolaires<\/strong>, en int\u00e9grant les enjeux cruciaux comme la gestion de projet et la pr\u00e9vention du harc\u00e8lement.<br><\/p>\n\n\n\n<h2 class=\"wp-block-heading\">Objectif de la formation<\/h2>\n\n\n\n<p class=\"wp-block-paragraph\">Renforcer ses comp\u00e9tences p\u00e9dagogiques afin de concevoir, structurer et animer des formations adapt\u00e9es aux contextes scolaires, en int\u00e9grant notamment les enjeux li\u00e9s \u00e0 la gestion de projet et \u00e0 la pr\u00e9vention du harc\u00e8lement.<\/p>\n\n\n\n<h2 class=\"wp-block-heading\">Comp\u00e9tences d\u00e9velopp\u00e9es<\/h2>\n\n\n\n<p class=\"wp-block-paragraph\">Au terme de la formation, les participant\u00b7es seront capables de&nbsp;:<\/p>\n\n\n\n<ul class=\"wp-block-list\">\n<li>Comprendre les r\u00f4les et postures du\/de la formateur\u00b7rice<\/li>\n\n\n\n<li>Concevoir une formation structur\u00e9e, pertinente et adapt\u00e9e aux publics scolaires<\/li>\n\n\n\n<li>Animer un groupe en utilisant des m\u00e9thodes actives, interactives et ludiques<\/li>\n\n\n\n<li>G\u00e9rer les dynamiques de groupe, y compris lors de sujets sensibles (harc\u00e8lement, \u00e9motions fortes)<\/li>\n\n\n\n<li>\u00c9valuer une formation et ajuster leurs pratiques p\u00e9dagogiques<\/li>\n\n\n\n<li>Concevoir et animer eux-m\u00eames une s\u00e9quence p\u00e9dagogique compl\u00e8te<br><br><\/li>\n<\/ul>\n\n\n\n<h2 class=\"wp-block-heading\">Public cible<\/h2>\n\n\n\n<p class=\"wp-block-paragraph\">Op\u00e9rateurs et op\u00e9ratrices intervenant dans les \u00e9coles pour des actions li\u00e9es \u00e0 l\u2019am\u00e9lioration du climat scolaire, \u00e0 la pr\u00e9vention et la lutte contre le harc\u00e8lement scolaire, ainsi que des op\u00e9rateurs souhaitant s\u2019investir dans le programme-cadre harc\u00e8lement.<br><br><\/p>\n\n\n\n<h2 class=\"wp-block-heading\">Programme de formation<\/h2>\n\n\n\n<h3 class=\"wp-block-heading\">3 sessions de 3 jours en pr\u00e9sentiel<br><\/h3>\n\n\n\n<p class=\"has-text-align-left wp-block-paragraph\"><strong>Jour 1 \u2013 Explorer sa posture et les bases p\u00e9dagogiques&nbsp;<\/strong><\/p>\n\n\n\n<p class=\"wp-block-paragraph\"><span style=\"text-decoration: underline;\">Objectifs de la journ\u00e9e&nbsp;:<\/span> <\/p>\n\n\n\n<ul class=\"wp-block-list\">\n<li>Prendre conscience de sa posture de formateur\u00b7rice<\/li>\n\n\n\n<li>Acqu\u00e9rir les fondamentaux de la p\u00e9dagogie active<br><br><\/li>\n<\/ul>\n\n\n\n<p class=\"wp-block-paragraph\"><span style=\"text-decoration: underline;\">Contenus et activit\u00e9s&nbsp;:<\/span> <\/p>\n\n\n\n<ul class=\"wp-block-list\">\n<li>Photolangage&nbsp;: se projeter dans le r\u00f4le de formateur\u00b7rice <\/li>\n\n\n\n<li>Posture professionnelle dans des contextes sensibles (harc\u00e8lement, \u00e9motions fortes, etc.) <\/li>\n\n\n\n<li>Les bases d\u2019une animation vivante&nbsp;: r\u00f4les, \u00e9thique et dynamique de groupe <\/li>\n\n\n\n<li>Ateliers&nbsp;: objectifs p\u00e9dagogiques (SMART), approche par comp\u00e9tences, taxonomie de Bloom<\/li>\n\n\n\n<li>D\u00e9couverte des paradigmes de Leclercq <\/li>\n\n\n\n<li>Identification des forces personnelles dans la posture de formateur\u00b7rice&nbsp;<br><br><\/li>\n<\/ul>\n\n\n\n<p class=\"wp-block-paragraph\"><strong>Jour 2 \u2013 Construire une progression p\u00e9dagogique vivante et engageante&nbsp;<\/strong><\/p>\n\n\n\n<p class=\"wp-block-paragraph\"><span style=\"text-decoration: underline;\">Objectifs de la journ\u00e9e&nbsp;:<\/span> <\/p>\n\n\n\n<ul class=\"wp-block-list\">\n<li>Structurer une formation coh\u00e9rente<\/li>\n\n\n\n<li>D\u00e9velopper des outils p\u00e9dagogiques dynamiques<br><br><\/li>\n<\/ul>\n\n\n\n<p class=\"wp-block-paragraph\">&nbsp;<span style=\"text-decoration: underline;\">Contenus et activit\u00e9s&nbsp;:<\/span><\/p>\n\n\n\n<ul class=\"wp-block-list\">\n<li>Brise-glace th\u00e9matique autour du harc\u00e8lement ou de la gestion de projet <\/li>\n\n\n\n<li>Jeu des 120 secondes&nbsp;: r\u00e9activation des apprentissages du 1er jour <\/li>\n\n\n\n<li>M\u00e9thodes pour structurer une s\u00e9quence p\u00e9dagogique coh\u00e9rente <\/li>\n\n\n\n<li>Initiation \u00e0 la ludop\u00e9dagogie&nbsp;: concepts, b\u00e9n\u00e9fices, jeux-cadres (m\u00e9thode Thiagi)<\/li>\n\n\n\n<li>D\u00e9fi cr\u00e9atif&nbsp;: transformer une activit\u00e9 classique en version ludique <\/li>\n\n\n\n<li>Pr\u00e9paration en sous-groupes d\u2019une s\u00e9quence de 20 minutes \u00e0 animer le 3e jour<\/li>\n\n\n\n<li>Accompagnement personnalis\u00e9 dans la conception<br><br><\/li>\n<\/ul>\n\n\n\n<p class=\"wp-block-paragraph\"><strong>Jour 3 \u2013 \u00c9valuer et mettre en pratique&nbsp;: place \u00e0 l\u2019animation&nbsp;!<\/strong><\/p>\n\n\n\n<p class=\"wp-block-paragraph\"><span style=\"text-decoration: underline;\">Objectifs de la journ\u00e9e&nbsp;:<\/span><br><br>&#8211; S\u2019exercer \u00e0 animer une formation <br>&#8211; Apprendre \u00e0 \u00e9valuer une s\u00e9quence p\u00e9dagogique<br><br><\/p>\n\n\n\n<p class=\"wp-block-paragraph\"><span style=\"text-decoration: underline;\">Contenus et activit\u00e9s&nbsp;:<\/span><\/p>\n\n\n\n<ul class=\"wp-block-list\">\n<li>Brise-glace et ancrage dans les th\u00e9matiques du jour <\/li>\n\n\n\n<li>Apports sur l\u2019\u00e9valuation&nbsp;: types (diagnostique, formative, sommative&#8230;), mod\u00e8le de Kirkpatrick Animation des s\u00e9quences con\u00e7ues par les participant\u00b7e\u00b7s <\/li>\n\n\n\n<li>D\u00e9briefings structur\u00e9s&nbsp;: posture, animation, dynamique de groupe<\/li>\n\n\n\n<li>\u00c9laboration d\u2019un plan d\u2019action individuel<\/li>\n\n\n\n<li>Cl\u00f4ture symbolique et partages d\u2019exp\u00e9riences<br><br><\/li>\n<\/ul>\n\n\n\n<h2 class=\"wp-block-heading\">Inscriptions<\/h2>\n\n\n\n<p class=\"has-text-align-left wp-block-paragraph\">Vous avez le choix entre 3 sessions de 3 jours, \u00e0 raison de 7h par jour, en mai et juin 2026 \u00e0 Bruxelles&nbsp;:<\/p>\n\n\n\n<ul class=\"wp-block-list\">\n<li>1re&nbsp;session&nbsp;:&nbsp;18, 22 et 29 mai 2026 &#8211; 9h30 &gt; 16h30 &#8211; 1030 Bruxelles<\/li>\n\n\n\n<li>2e&nbsp;session&nbsp;:&nbsp;8, 12 et 15 juin 2026 &#8211; 9h30 &gt; 16h30 &#8211;  1030 Bruxelles <\/li>\n\n\n\n<li>3e&nbsp;session&nbsp;:&nbsp;22, 26 et 29 juin 2026 &#8211; 9h30 &gt; 16h30 &#8211; 1030 Bruxelles<\/li>\n<\/ul>\n\n\n\n<p class=\"wp-block-paragraph\"><br>Pour soumettre votre demande d&#8217;inscription \u00e0 l&#8217;une de ces trois sessions, utilisez le formulaire ci-dessous. <br>Si plusieurs personnes souhaitent s\u2019inscrire \u00e0 une m\u00eame formation, nous vous demandons de soumettre un formulaire par inscription.<\/p>\n\n\n\n<p class=\"has-small-font-size wp-block-paragraph\"><br>Bon \u00e0 savoir&nbsp;: en cas d\u2019annulation de la formation par le STICS pour des raisons ind\u00e9pendantes de sa volont\u00e9, une session de rattrapage sera organis\u00e9e le 18 juin 2026 \u00e0 Bruxelles. Cette session ne s\u2019applique pas aux absences individuelles des participants.<\/p>\n\n\n\n<p class=\"wp-block-paragraph\"><br><\/p>\n\n\n\n<p class=\"has-black-color has-text-color has-background has-link-color has-small-font-size wp-elements-fdbb7684ce1165a57954ce39599cef1d wp-block-paragraph\" style=\"background-color:#fff2ea\"><strong>Avant de vous inscrire, merci de bien vouloir lire les conditions g\u00e9n\u00e9rales d\u2019inscription ainsi que <a href=\"https:\/\/devs.openbaz.be\/stics\/politique-de-confidentialite\/\" target=\"_blank\" rel=\"noreferrer noopener\">notre politique de confidentialit\u00e9<\/a>.<span style=\"text-decoration: underline;\"><br><\/span><\/strong><br>&#8211; La compl\u00e9tion du formulaire en ligne constitue une demande d\u2019inscription, soumise \u00e0 validation par l\u2019organisateur. Une fois votre inscription confirm\u00e9e, le participant s\u2019engage \u00e0 suivre la formation dans son int\u00e9gralit\u00e9, la coh\u00e9rence p\u00e9dagogique reposant sur une participation continue \u00e0 l\u2019ensemble des journ\u00e9es du module.<br>&#8211; Les modalit\u00e9s pratiques (lieu, horaires, plan d\u2019acc\u00e8s) vous seront communiqu\u00e9es une semaine avant le d\u00e9marrage de la formation programm\u00e9e. Les jours de formation sont indissociables.<br>&#8211; STICS se r\u00e9serve le droit d\u2019annuler une formation si le nombre de participants est insuffisant.<\/p>\n\n\n\n<p class=\"wp-block-paragraph\"><br><\/p>\n\n\n\n<h2 class=\"wp-block-heading\">Formulaire de demande d&#8217;inscription<\/h2>\n\n\n\n<hr class=\"wp-block-separator has-alpha-channel-opacity\"\/>\n\n\n<style id=\"wpforms-css-vars-11912-block-2b9924f3-e634-4c54-a6d0-828238ccfb1a\">\n\t\t\t\t#wpforms-11912.wpforms-block-2b9924f3-e634-4c54-a6d0-828238ccfb1a {\n\t\t\t\t--wpforms-field-size-input-height: 43px;\n--wpforms-field-size-input-spacing: 15px;\n--wpforms-field-size-font-size: 16px;\n--wpforms-field-size-line-height: 19px;\n--wpforms-field-size-padding-h: 14px;\n--wpforms-field-size-checkbox-size: 16px;\n--wpforms-field-size-sublabel-spacing: 5px;\n--wpforms-field-size-icon-size: 1;\n--wpforms-label-size-font-size: 16px;\n--wpforms-label-size-line-height: 19px;\n--wpforms-label-size-sublabel-font-size: 14px;\n--wpforms-label-size-sublabel-line-height: 17px;\n--wpforms-button-size-font-size: 17px;\n--wpforms-button-size-height: 41px;\n--wpforms-button-size-padding-h: 15px;\n--wpforms-button-size-margin-top: 10px;\n--wpforms-container-shadow-size-box-shadow: none;\n\t\t\t}\n\t\t\t<\/style>\n<div class=\"wpforms-container wpforms-container-full wpforms-block wpforms-block-2b9924f3-e634-4c54-a6d0-828238ccfb1a wpforms-render-modern\" id=\"wpforms-11912\"><form id=\"wpforms-form-11912\" class=\"wpforms-validate wpforms-form wpforms-ajax-form\" data-formid=\"11912\" method=\"post\" enctype=\"multipart\/form-data\" action=\"\/stics\/wp-json\/wp\/v2\/posts\/11894\" data-token=\"5dec457a5487e6668442cee0ce3192fb\" data-token-time=\"1777199783\"><noscript class=\"wpforms-error-noscript\">Veuillez activer JavaScript dans votre navigateur pour remplir ce formulaire.<\/noscript><div id=\"wpforms-error-noscript\" style=\"display: none;\">Veuillez activer JavaScript dans votre navigateur pour remplir ce formulaire.<\/div><div class=\"wpforms-field-container\"><div id=\"wpforms-11912-field_1-container\" class=\"wpforms-field wpforms-field-name\" data-field-type=\"name\" data-field-id=\"1\"><fieldset><legend class=\"wpforms-field-label\">Nom et pr\u00e9nom <span class=\"wpforms-required-label\" aria-hidden=\"true\">*<\/span><\/legend><div class=\"wpforms-field-row wpforms-field-large\"><div class=\"wpforms-field-row-block wpforms-first wpforms-one-half\"><input type=\"text\" id=\"wpforms-11912-field_1\" class=\"wpforms-field-name-first wpforms-field-required\" name=\"wpforms[fields][1][first]\" aria-errormessage=\"wpforms-11912-field_1-error\" required><label for=\"wpforms-11912-field_1\" class=\"wpforms-field-sublabel after\">Pr\u00e9nom<\/label><\/div><div class=\"wpforms-field-row-block wpforms-one-half\"><input type=\"text\" id=\"wpforms-11912-field_1-last\" class=\"wpforms-field-name-last wpforms-field-required\" name=\"wpforms[fields][1][last]\" aria-errormessage=\"wpforms-11912-field_1-last-error\" required><label for=\"wpforms-11912-field_1-last\" class=\"wpforms-field-sublabel after\">Nom<\/label><\/div><\/div><\/fieldset><\/div><div id=\"wpforms-11912-field_5-container\" class=\"wpforms-field wpforms-field-text\" data-field-type=\"text\" data-field-id=\"5\"><label class=\"wpforms-field-label\" for=\"wpforms-11912-field_5\">Intitul\u00e9 de fonction <span class=\"wpforms-required-label\" aria-hidden=\"true\">*<\/span><\/label><input type=\"text\" id=\"wpforms-11912-field_5\" class=\"wpforms-field-large wpforms-field-required\" name=\"wpforms[fields][5]\" aria-errormessage=\"wpforms-11912-field_5-error\" required><\/div><div id=\"wpforms-11912-field_33-container\" class=\"wpforms-field wpforms-field-text\" data-field-type=\"text\" data-field-id=\"33\"><label class=\"wpforms-field-label\" for=\"wpforms-11912-field_33\">Nom de l&#039;organisme pour lequel je travaille <span class=\"wpforms-required-label\" aria-hidden=\"true\">*<\/span><\/label><input type=\"text\" id=\"wpforms-11912-field_33\" class=\"wpforms-field-large wpforms-field-required\" name=\"wpforms[fields][33]\" aria-errormessage=\"wpforms-11912-field_33-error\" required><\/div><div id=\"wpforms-11912-field_2-container\" class=\"wpforms-field wpforms-field-email\" data-field-type=\"email\" data-field-id=\"2\"><label class=\"wpforms-field-label\" for=\"wpforms-11912-field_2\">Adresse e-mail <span class=\"wpforms-required-label\" aria-hidden=\"true\">*<\/span><\/label><input type=\"email\" id=\"wpforms-11912-field_2\" class=\"wpforms-field-large wpforms-field-required\" name=\"wpforms[fields][2]\" spellcheck=\"false\" aria-errormessage=\"wpforms-11912-field_2-error\" required><\/div><div id=\"wpforms-11912-field_3-container\" class=\"wpforms-field wpforms-field-phone\" data-field-type=\"phone\" data-field-id=\"3\"><label class=\"wpforms-field-label\" for=\"wpforms-11912-field_3\">T\u00e9l\u00e9phone <span class=\"wpforms-required-label\" aria-hidden=\"true\">*<\/span><\/label><input type=\"tel\" id=\"wpforms-11912-field_3\" class=\"wpforms-field-large wpforms-field-required wpforms-smart-phone-field\" data-rule-smart-phone-field=\"true\" name=\"wpforms[fields][3]\" aria-label=\"T\u00e9l\u00e9phone\" aria-errormessage=\"wpforms-11912-field_3-error\" required><\/div><div id=\"wpforms-11912-field_11-container\" class=\"wpforms-field wpforms-field-divider\" data-field-type=\"divider\" data-field-id=\"11\"><h3 id=\"wpforms-11912-field_11\" aria-errormessage=\"wpforms-11912-field_11-error\">Informations relatives \u00e0 la formation<\/h3><\/div><div id=\"wpforms-11912-field_12-container\" class=\"wpforms-field wpforms-field-select wpforms-field-select-style-modern\" data-field-type=\"select\" data-field-id=\"12\"><label class=\"wpforms-field-label\" for=\"wpforms-11912-field_12\">Choix de la session de formation <span class=\"wpforms-required-label\" aria-hidden=\"true\">*<\/span><\/label><select id=\"wpforms-11912-field_12\" class=\"wpforms-field-large wpforms-field-required choicesjs-select\" data-size-class=\"wpforms-field-row wpforms-field-large\" data-search-enabled=\"\" name=\"wpforms[fields][12]\" required=\"required\"><option value=\"\" class=\"placeholder\" disabled  selected='selected'><\/option><option value=\"1re\u00a0session\u00a0:\u00a018, 22 et 29 mai 2026 - 9h30 &gt; 16h30 - Bruxelles\"  class=\"choice-1 depth-1\"  >1re\u00a0session\u00a0:\u00a018, 22 et 29 mai 2026 &#8211; 9h30 &gt; 16h30 &#8211; Bruxelles<\/option><option value=\"2e\u00a0session\u00a0:\u00a08, 12 et 15 juin 2026 - 9h30 &gt; 16h30 -  Bruxelles\"  class=\"choice-2 depth-1\"  >2e\u00a0session\u00a0:\u00a08, 12 et 15 juin 2026 &#8211; 9h30 &gt; 16h30 &#8211;  Bruxelles<\/option><option value=\"3e\u00a0session\u00a0:\u00a022, 26 et 29 juin 2026 - 9h30 &gt; 16h30 - Bruxelles\"  class=\"choice-3 depth-1\"  >3e\u00a0session\u00a0:\u00a022, 26 et 29 juin 2026 &#8211; 9h30 &gt; 16h30 &#8211; Bruxelles<\/option><option value=\"Session de rattrapage&nbsp;: 18 juin 2026 - 9h30 &gt; 16h30 - Bruxelles\"  class=\"choice-4 depth-1\"  >Session de rattrapage&nbsp;: 18 juin 2026 &#8211; 9h30 &gt; 16h30 &#8211; Bruxelles<\/option><\/select><\/div><div id=\"wpforms-11912-field_30-container\" class=\"wpforms-field wpforms-field-radio\" data-field-type=\"radio\" data-field-id=\"30\"><fieldset><legend class=\"wpforms-field-label\">Quel est votre statut actuel vis-\u00e0-vis du programme-cadre &quot;Harc\u00e8lement et climat scolaire&quot; ? <span class=\"wpforms-required-label\" aria-hidden=\"true\">*<\/span><\/legend><ul id=\"wpforms-11912-field_30\" class=\"wpforms-field-required\"><li class=\"choice-1 depth-1\"><input type=\"radio\" id=\"wpforms-11912-field_30_1\" name=\"wpforms[fields][30]\" value=\"Je suis op\u00e9rateur.trice agr\u00e9\u00e9.e\" aria-errormessage=\"wpforms-11912-field_30_1-error\" required ><label class=\"wpforms-field-label-inline\" for=\"wpforms-11912-field_30_1\">Je suis op\u00e9rateur.trice agr\u00e9\u00e9.e<\/label><\/li><li class=\"choice-2 depth-1\"><input type=\"radio\" id=\"wpforms-11912-field_30_2\" name=\"wpforms[fields][30]\" value=\"Je pr\u00e9vois de candidater prochainement\" aria-errormessage=\"wpforms-11912-field_30_2-error\" required ><label class=\"wpforms-field-label-inline\" for=\"wpforms-11912-field_30_2\">Je pr\u00e9vois de candidater prochainement<\/label><\/li><li class=\"choice-3 depth-1\"><input type=\"radio\" id=\"wpforms-11912-field_30_3\" name=\"wpforms[fields][30]\" value=\"Je ne suis pas encore certain.e\" aria-errormessage=\"wpforms-11912-field_30_3-error\" required ><label class=\"wpforms-field-label-inline\" for=\"wpforms-11912-field_30_3\">Je ne suis pas encore certain.e<\/label><\/li><li class=\"choice-4 depth-1\"><input type=\"radio\" id=\"wpforms-11912-field_30_4\" name=\"wpforms[fields][30]\" value=\"Je ne pr\u00e9vois pas de candidater pour l\u2019instant\" aria-errormessage=\"wpforms-11912-field_30_4-error\" required ><label class=\"wpforms-field-label-inline\" for=\"wpforms-11912-field_30_4\">Je ne pr\u00e9vois pas de candidater pour l\u2019instant<\/label><\/li><\/ul><\/fieldset><\/div>\t\t<div id=\"wpforms-11912-field_4-container\"\n\t\t\tclass=\"wpforms-field wpforms-field-text\"\n\t\t\tdata-field-type=\"text\"\n\t\t\tdata-field-id=\"4\"\n\t\t\t>\n\t\t\t<label class=\"wpforms-field-label\" for=\"wpforms-11912-field_4\" >\u00e0 programme-cadre Adresse<\/label>\n\t\t\t<input type=\"text\" id=\"wpforms-11912-field_4\" class=\"wpforms-field-medium\" name=\"wpforms[fields][4]\" >\n\t\t<\/div>\n\t\t<div id=\"wpforms-11912-field_14-container\" class=\"wpforms-field wpforms-field-textarea\" data-field-type=\"textarea\" data-field-id=\"14\"><label class=\"wpforms-field-label\" for=\"wpforms-11912-field_14\">Pourquoi souhaitez-vous suivre cette formation&nbsp;? <span class=\"wpforms-required-label\" aria-hidden=\"true\">*<\/span><\/label><textarea id=\"wpforms-11912-field_14\" class=\"wpforms-field-large wpforms-field-required\" name=\"wpforms[fields][14]\" aria-errormessage=\"wpforms-11912-field_14-error\" aria-describedby=\"wpforms-11912-field_14-description\" required><\/textarea><div id=\"wpforms-11912-field_14-description\" class=\"wpforms-field-description\">Merci de pr\u00e9ciser, en quelques lignes, les raisons de votre choix (par exemple&nbsp;: votre motivation pour suivre la formation, la place qu\u2019elle occupe dans votre projet professionnel, ou les \u00e9l\u00e9ments qui influencent encore votre d\u00e9cision)<\/div><\/div><div id=\"wpforms-11912-field_15-container\" class=\"wpforms-field wpforms-field-checkbox\" data-field-type=\"checkbox\" data-field-id=\"15\"><fieldset><legend class=\"wpforms-field-label\">Conditions g\u00e9n\u00e9rales et protection des donn\u00e9es <span class=\"wpforms-required-label\" aria-hidden=\"true\">*<\/span><\/legend><ul id=\"wpforms-11912-field_15\" class=\"wpforms-field-required\"><li class=\"choice-1 depth-1\"><input type=\"checkbox\" id=\"wpforms-11912-field_15_1\" name=\"wpforms[fields][15][]\" value=\"Je confirme ma demande d&#039;inscription \u00e0 la formation et j\u2019accepte les conditions g\u00e9n\u00e9rales\" aria-errormessage=\"wpforms-11912-field_15_1-error\" required ><label class=\"wpforms-field-label-inline\" for=\"wpforms-11912-field_15_1\">Je confirme ma demande d&#8217;inscription \u00e0 la formation et j\u2019accepte les conditions g\u00e9n\u00e9rales<\/label><\/li><li class=\"choice-3 depth-1\"><input type=\"checkbox\" id=\"wpforms-11912-field_15_3\" name=\"wpforms[fields][15][]\" value=\"J&#039;ai pris connaissance de la politique de confidentialit\u00e9 du STICS\" aria-errormessage=\"wpforms-11912-field_15_3-error\" required ><label class=\"wpforms-field-label-inline\" for=\"wpforms-11912-field_15_3\">J&#8217;ai pris connaissance de la politique de confidentialit\u00e9 du STICS<\/label><\/li><li class=\"choice-2 depth-1\"><input type=\"checkbox\" id=\"wpforms-11912-field_15_2\" name=\"wpforms[fields][15][]\" value=\"J\u2019accepte de recevoir la newsletter du STICS (d\u00e9sabonnement possible \u00e0 tout moment)\" aria-errormessage=\"wpforms-11912-field_15_2-error\" required ><label class=\"wpforms-field-label-inline\" for=\"wpforms-11912-field_15_2\">J\u2019accepte de recevoir la newsletter du STICS (d\u00e9sabonnement possible \u00e0 tout moment)<\/label><\/li><\/ul><\/fieldset><\/div>\n<script>\n\t\t\t\t( function() {\n\t\t\t\t\tconst style = document.createElement( 'style' );\n\t\t\t\t\tstyle.appendChild( document.createTextNode( '#wpforms-11912-field_4-container { position: absolute !important; overflow: hidden !important; display: inline !important; height: 1px !important; width: 1px !important; z-index: -1000 !important; padding: 0 !important; } #wpforms-11912-field_4-container input { visibility: hidden; } #wpforms-conversational-form-page #wpforms-11912-field_4-container label { counter-increment: none; }' ) );\n\t\t\t\t\tdocument.head.appendChild( style );\n\t\t\t\t\tdocument.currentScript?.remove();\n\t\t\t\t} )();\n\t\t\t<\/script>\n<\/div>\n<!-- .wpforms-field-container -->\n<div class=\"wpforms-recaptcha-container wpforms-is-recaptcha wpforms-is-recaptcha-type-v3\" ><input type=\"hidden\" name=\"wpforms[recaptcha]\" value=\"\"><\/div><div class=\"wpforms-submit-container\" ><input type=\"hidden\" name=\"wpforms[id]\" value=\"11912\"><input type=\"hidden\" name=\"page_title\" value=\"\"><input type=\"hidden\" name=\"page_url\" value=\"https:\/\/devs.openbaz.be\/stics\/wp-json\/wp\/v2\/posts\/11894\"><input type=\"hidden\" name=\"url_referer\" value=\"\"><button type=\"submit\" name=\"wpforms[submit]\" id=\"wpforms-submit-11912\" class=\"wpforms-submit\" data-alt-text=\"Envoi...\" data-submit-text=\"Soumettre ma demande d&#039;inscription\" aria-live=\"assertive\" value=\"wpforms-submit\">Soumettre ma demande d&#039;inscription<\/button><img decoding=\"async\" src=\"https:\/\/devs.openbaz.be\/stics\/wp-content\/plugins\/wpforms\/assets\/images\/submit-spin.svg\" class=\"wpforms-submit-spinner\" style=\"display: none;\" width=\"26\" height=\"26\" alt=\"Chargement en cours\"><\/div><\/form><\/div>  \n<!-- .wpforms-container -->\n\n\n<p class=\"wp-block-paragraph\"><br><\/p>\n\n\n\n<p class=\"has-cyan-bluish-gray-background-color has-background wp-block-paragraph\">Vu l\u2019int\u00e9r\u00eat suscit\u00e9 par ces modules, la F\u00e9d\u00e9ration Wallonie-Bruxelles pourrait envisager une reprogrammation. Nous vous invitons \u00e0 consulter r\u00e9guli\u00e8rement notre site.<\/p>\n\n\n\n<p class=\"wp-block-paragraph\"><br><\/p>","protected":false},"excerpt":{"rendered":"<p>Vous intervenez en milieu scolaire et souhaitez renforcer vos comp\u00e9tences p\u00e9dagogiques&nbsp;? Le STICS, en collaboration avec l&#8217;Observatoire du Climat scolaire (F\u00e9d\u00e9ration Wallonie-Bruxelles), lance, cette ann\u00e9e encore, un programme de formation de 3 jours destin\u00e9 aux op\u00e9rateur\u00b7rices de terrain, pour concevoir, structurer et animer des formations adapt\u00e9es aux r\u00e9alit\u00e9s scolaires, en int\u00e9grant les enjeux cruciaux comme la gestion de projet et la pr\u00e9vention du harc\u00e8lement.<\/p>","protected":false},"author":3,"featured_media":6432,"comment_status":"closed","ping_status":"closed","sticky":false,"template":"","format":"standard","meta":{"_acf_changed":false,"_seopress_robots_primary_cat":"","_seopress_titles_title":"","_seopress_titles_desc":"","_seopress_robots_index":"","_formation_external_id":"","_formation_date_debut":"","_formation_date_fin":"","_formation_heure_debut":"","_formation_heure_fin":"","_formation_cancelled":"","_formation_youtube":"","_formation_tarif":0,"_formation_info_date":"","_formation_info_diagnostic_oui":"","_formation_nom_formateur":"","_formation_prenom_formateur":"","_formation_nom_formateur2":"","_formation_prenom_formateur2":"","_formation_public":"","_formation_objectif":"","_formation_methodologie":"","_formation_itineraire":"","_formation_tarif_cs":0,"_formation_tarif_preferentiel":0,"_formation_info_diagnostic":"","_formation_localite":"","_formation_id_is_distant":"","_formation_heure_label":"","_formation_reference":"","_formation_presentation":"","_formation_archived":"","footnotes":""},"categories":[188,222],"tags":[],"class_list":["post-11894","post","type-post","status-publish","format-standard","has-post-thumbnail","hentry","category-news","category-services"],"acf":[],"_links":{"self":[{"href":"https:\/\/devs.openbaz.be\/stics\/wp-json\/wp\/v2\/posts\/11894","targetHints":{"allow":["GET"]}}],"collection":[{"href":"https:\/\/devs.openbaz.be\/stics\/wp-json\/wp\/v2\/posts"}],"about":[{"href":"https:\/\/devs.openbaz.be\/stics\/wp-json\/wp\/v2\/types\/post"}],"author":[{"embeddable":true,"href":"https:\/\/devs.openbaz.be\/stics\/wp-json\/wp\/v2\/users\/3"}],"replies":[{"embeddable":true,"href":"https:\/\/devs.openbaz.be\/stics\/wp-json\/wp\/v2\/comments?post=11894"}],"version-history":[{"count":61,"href":"https:\/\/devs.openbaz.be\/stics\/wp-json\/wp\/v2\/posts\/11894\/revisions"}],"predecessor-version":[{"id":12033,"href":"https:\/\/devs.openbaz.be\/stics\/wp-json\/wp\/v2\/posts\/11894\/revisions\/12033"}],"wp:featuredmedia":[{"embeddable":true,"href":"https:\/\/devs.openbaz.be\/stics\/wp-json\/wp\/v2\/media\/6432"}],"wp:attachment":[{"href":"https:\/\/devs.openbaz.be\/stics\/wp-json\/wp\/v2\/media?parent=11894"}],"wp:term":[{"taxonomy":"category","embeddable":true,"href":"https:\/\/devs.openbaz.be\/stics\/wp-json\/wp\/v2\/categories?post=11894"},{"taxonomy":"post_tag","embeddable":true,"href":"https:\/\/devs.openbaz.be\/stics\/wp-json\/wp\/v2\/tags?post=11894"}],"curies":[{"name":"wp","href":"https:\/\/api.w.org\/{rel}","templated":true}]}}