{"id":11793,"date":"2025-11-05T11:13:26","date_gmt":"2025-11-05T10:13:26","guid":{"rendered":"https:\/\/devs.openbaz.be\/stics\/?p=11793"},"modified":"2025-11-05T16:16:45","modified_gmt":"2025-11-05T15:16:45","slug":"pour-une-evaluation-juste-choisie-et-constructive-de-laction-sociale-et-culturelle","status":"publish","type":"post","link":"https:\/\/devs.openbaz.be\/stics\/pour-une-evaluation-juste-choisie-et-constructive-de-laction-sociale-et-culturelle\/","title":{"rendered":"Pour une \u00e9valuation juste, choisie et constructive de l&#8217;action sociale et culturelle"},"content":{"rendered":"\n<p class=\"wp-block-paragraph\">Dans un contexte o\u00f9 les politiques sociales et culturelles sont de plus en plus soumises \u00e0 des logiques de performance et de rentabilit\u00e9, l\u2019\u00e9valuation des actions devient un enjeu central. Mais derri\u00e8re les appels \u00e0 la transparence et \u00e0 la rigueur, se cache souvent une volont\u00e9 de rationalisation, qui peut entrer en tension avec les dynamiques cr\u00e9atives, territoriales et d\u00e9mocratiques du secteur. Notre contribution propose de revisiter les conditions d\u2019une \u00e9valuation juste, choisie et constructive, en s\u2019appuyant sur les pratiques de terrain et les aspirations des acteurs sociaux et culturels eux-m\u00eames.<\/p>\n\n\n\n<h2 class=\"wp-block-heading\">\u00c9valuer l\u2019action sociale&nbsp;: entre rationalisation, d\u00e9sir et d\u00e9mocratie<\/h2>\n\n\n\n<p class=\"wp-block-paragraph\">Lorsque les pouvoirs publics \u00e9voquent l\u2019\u00e9valuation dans nos secteurs, ils cherchent souvent \u2014 et avant tout \u2014 \u00e0 <strong>rationaliser<\/strong>. Derri\u00e8re les discours sur la transparence et la qualit\u00e9, se cache une volont\u00e9 de <strong>mesurer, comparer, optimiser<\/strong> : en somme, de rendre l\u2019action lisible selon des logiques de gestion. Cette approche, bien qu\u2019elle puisse r\u00e9pondre \u00e0 des imp\u00e9ratifs budg\u00e9taires ou politiques, entre parfois en tension avec les valeurs fondamentales du monde associatif&nbsp;: <strong>libert\u00e9 de cr\u00e9ation, diversit\u00e9 des formes, ancrage local, exp\u00e9rimentation<\/strong>.<\/p>\n\n\n\n<p class=\"wp-block-paragraph\">Pourtant, les acteurs de terrain ne rejettent pas l\u2019\u00e9valuation en bloc. Beaucoup expriment un <strong>v\u00e9ritable d\u00e9sir d\u2019\u00e9valuer<\/strong>, \u00e0 condition que cette d\u00e9marche respecte leur autonomie et leur complexit\u00e9. Ce d\u00e9sir se heurte \u00e0 des obstacles multiples&nbsp;: manque de clart\u00e9 des crit\u00e8res, peur de la transparence, et confusion entre les types d\u2019\u00e9valuation. Il est temps de repenser cette pratique non comme un outil de contr\u00f4le, mais comme un <strong>levier de qualit\u00e9, de confiance et de d\u00e9mocratie<\/strong>.<\/p>\n\n\n\n<h2 class=\"wp-block-heading\">Les obstacles \u00e0 la transparence<\/h2>\n\n\n\n<p class=\"wp-block-paragraph\">Le d\u00e9sir d\u2019\u00e9valuer se heurte \u00e0 des r\u00e9sistances concr\u00e8tes. L\u2019une des premi\u00e8res tient \u00e0 la crainte que la transparence se retourne contre les op\u00e9rateurs eux-m\u00eames. Dans un contexte de comp\u00e9tition pour les subventions, certains redoutent que les chiffres \u2014 fr\u00e9quentation, budget, volume d\u2019activit\u00e9 \u2014 deviennent des <strong>r\u00e9f\u00e9rentiels contraignants<\/strong>, utilis\u00e9s pour encadrer ou limiter les futurs financements.<\/p>\n\n\n\n<p class=\"wp-block-paragraph\">D\u2019autres s\u2019interrogent&nbsp;: si l\u2019on affiche les co\u00fbts r\u00e9els, les \u00e9carts, les fragilit\u00e9s, ne risque-t-on pas de compromettre la p\u00e9rennit\u00e9 du projet&nbsp;? Et si l\u2019on fournit des donn\u00e9es trop pr\u00e9cises, ne risque-t-on pas de cr\u00e9er la cage dans laquelle le prochain contrat nous enfermera&nbsp;?<\/p>\n\n\n\n<p class=\"wp-block-paragraph\">Ces inqui\u00e9tudes ne rel\u00e8vent pas du fantasme. Elles posent une question centrale&nbsp;: <strong>qui commande l\u2019\u00e9valuation, et selon quels crit\u00e8res&nbsp;?<\/strong><\/p>\n\n\n\n<h2 class=\"wp-block-heading\">Le r\u00f4le du bailleur public&nbsp;: entre contr\u00f4le et confiance<\/h2>\n\n\n\n<p class=\"wp-block-paragraph\">Le financeur public, en tant que garant des biens collectifs, doit s\u2019assurer du bon usage des fonds et du respect des engagements. Cette fonction rel\u00e8ve de l\u2019<strong>\u00e9valuation normative<\/strong>, souvent simple, factuelle, mais peu sensible \u00e0 la complexit\u00e9 des d\u00e9marches culturelles.<\/p>\n\n\n\n<p class=\"wp-block-paragraph\">Au-del\u00e0 de cette exigence, le bailleur peut aussi s\u2019int\u00e9resser \u00e0 la <strong>qualit\u00e9 des prestations<\/strong>. Deux approches s\u2019offrent alors \u00e0 lui&nbsp;:<\/p>\n\n\n\n<ul class=\"wp-block-list\">\n<li><strong>Approche projet<\/strong> : le financeur agit comme ma\u00eetre d\u2019ouvrage, confiant un projet \u00e0 un ma\u00eetre d\u2019\u0153uvre selon un cahier des charges. Cette logique de livrables peut par exemple r\u00e9duire la libert\u00e9 artistique et poser des questions de d\u00e9mocratie culturelle.<br><br><\/li>\n\n\n\n<li><strong>Approche assurance qualit\u00e9<\/strong> : le financeur ne se consid\u00e8re plus propri\u00e9taire d\u2019un produit, mais garant d\u2019un processus. Il s\u2019assure que l\u2019organisation travaille s\u00e9rieusement, se forme, implique les publics, et m\u00e8ne une d\u00e9marche r\u00e9flexive. Ici, le r\u00e9sultat importe moins que la rigueur du cheminement.<\/li>\n<\/ul>\n\n\n\n<p class=\"wp-block-paragraph\"><\/p>\n\n\n\n<p class=\"wp-block-paragraph\">Cette seconde approche, plus respectueuse de l\u2019autonomie des acteurs associatifs, repose sur un <strong>contrat de confiance<\/strong>, mais exige des preuves tangibles d\u2019une d\u00e9marche professionnelle.<\/p>\n\n\n\n<h2 class=\"wp-block-heading\">Trois niveaux d\u2019auto-\u00e9valuation<\/h2>\n\n\n\n<p class=\"wp-block-paragraph\">Pour les acteurs culturels, l\u2019auto-\u00e9valuation peut s\u2019articuler autour de trois axes&nbsp;: le sens, les r\u00e9sultats, et les m\u00e9thodes.<\/p>\n\n\n\n<p class=\"wp-block-paragraph\"><span style=\"text-decoration: underline;\">\u00c9valuer le sens<\/span><\/p>\n\n\n\n<p class=\"wp-block-paragraph\">Il s\u2019agit de questionner les fondements de l\u2019action&nbsp;:<\/p>\n\n\n\n<ul class=\"wp-block-list\">\n<li>Pourquoi agit-on&nbsp;?<\/li>\n\n\n\n<li>Quelle est la port\u00e9e sociale, politique ou historique du projet&nbsp;?<\/li>\n\n\n\n<li>Les acteurs essentiels sont-ils mobilis\u00e9s&nbsp;?<\/li>\n\n\n\n<li>L\u2019action s\u2019inscrit-elle dans une dynamique de d\u00e9veloppement durable ou de d\u00e9mocratie critique&nbsp;?<\/li>\n<\/ul>\n\n\n\n<p class=\"wp-block-paragraph\"><\/p>\n\n\n\n<p class=\"wp-block-paragraph\">Cette r\u00e9flexion permet de relier les projets \u00e0 leur territoire, \u00e0 leur \u00e9poque, \u00e0 leur public. Elle invite \u00e0 penser l\u2019impact de nos actions au-del\u00e0 des chiffres, en termes de <strong>valeurs, de coh\u00e9rence, de pertinence<\/strong>.<\/p>\n\n\n\n<p class=\"wp-block-paragraph\"><span style=\"text-decoration: underline;\">\u00c9valuer les r\u00e9sultats<\/span><\/p>\n\n\n\n<p class=\"wp-block-paragraph\">Deux cas de figure se pr\u00e9sentent&nbsp;:<\/p>\n\n\n\n<ul class=\"wp-block-list\">\n<li><em>Ex ante<\/em> : les r\u00e9sultats sont anticip\u00e9s, les \u00e9carts mesur\u00e9s.<\/li>\n\n\n\n<li><em>Ex post<\/em> : les r\u00e9sultats sont reconstruits apr\u00e8s coup, avec le risque de biais.<\/li>\n<\/ul>\n\n\n\n<p class=\"wp-block-paragraph\"><\/p>\n\n\n\n<p class=\"wp-block-paragraph\">Mais au-del\u00e0 des indicateurs, il s\u2019agit de poser les vraies questions&nbsp;:<\/p>\n\n\n\n<ul class=\"wp-block-list\">\n<li>L\u2019action a-t-elle \u00e9t\u00e9 efficace&nbsp;?<\/li>\n\n\n\n<li>A-t-elle laiss\u00e9 une empreinte durable&nbsp;?<\/li>\n\n\n\n<li>A-t-elle renforc\u00e9 le lien social ou la d\u00e9mocratie locale&nbsp;?<\/li>\n<\/ul>\n\n\n\n<p class=\"wp-block-paragraph\"><\/p>\n\n\n\n<p class=\"wp-block-paragraph\">Dans certains cas, il est plus honn\u00eate de construire un <strong>dispositif d\u2019\u00e9valuabilit\u00e9 future<\/strong>, plut\u00f4t que de tenter une reconstruction artificielle.<\/p>\n\n\n\n<p class=\"wp-block-paragraph\"><span style=\"text-decoration: underline;\">\u00c9valuer les m\u00e9thodes<\/span><\/p>\n\n\n\n<p class=\"wp-block-paragraph\">Enfin, \u00e9valuer les m\u00e9thodes revient \u00e0 interroger <strong>comment on travaille<\/strong> :<\/p>\n\n\n\n<ul class=\"wp-block-list\">\n<li>Quelles proc\u00e9dures&nbsp;?<\/li>\n\n\n\n<li>Quelle \u00e9thique&nbsp;?<\/li>\n\n\n\n<li>Quelle relation au public&nbsp;?<\/li>\n<\/ul>\n\n\n\n<p class=\"wp-block-paragraph\"><\/p>\n\n\n\n<p class=\"wp-block-paragraph\">Cette d\u00e9marche, qui gagnera \u00e0 \u00eatre men\u00e9e en \u00e9quipe, permet de renforcer la <strong>coh\u00e9rence interne<\/strong>, la <strong>professionnalisation<\/strong> et la <strong>qualit\u00e9 des interactions<\/strong>.<\/p>\n\n\n\n<h2 class=\"wp-block-heading\">Vers une culture de l\u2019\u00e9valuation choisie<\/h2>\n\n\n\n<p class=\"wp-block-paragraph\">L\u2019\u00e9valuation ne doit pas \u00eatre un outil de contr\u00f4le, mais un <strong>espace de dialogue<\/strong> entre les acteurs associatifs et les pouvoirs publics. Pour cela, il faut&nbsp;:<\/p>\n\n\n\n<ul class=\"wp-block-list\">\n<li>Clarifier les attentes d\u00e8s le d\u00e9part<\/li>\n\n\n\n<li>D\u00e9finir des crit\u00e8res partag\u00e9s<\/li>\n\n\n\n<li>Soutenir les d\u00e9marches d\u2019auto-\u00e9valuation<\/li>\n\n\n\n<li>Reconna\u00eetre la diversit\u00e9 des formes culturelles<\/li>\n<\/ul>\n\n\n\n<p class=\"wp-block-paragraph\"><\/p>\n\n\n\n<p class=\"wp-block-paragraph\">En somme, il s\u2019agit de passer d\u2019une logique de rationalisation \u00e0 une <strong>logique de reconnaissance<\/strong>. L\u2019\u00e9valuation peut alors devenir un <strong>acte de libert\u00e9<\/strong>, un moyen de renforcer la qualit\u00e9, la l\u00e9gitimit\u00e9 et la vitalit\u00e9 des organisations.<\/p>\n\n\n\n<p class=\"wp-block-paragraph\"><strong>Si vous d\u00e9sirez prolonger cette r\u00e9flexion ou mettre en \u0153uvre une d\u00e9marche d\u2019auto \u00e9valuation, le Stics asbl vous propose deux publications p\u00e9dagogiques et des services d\u2019accompagnement adapt\u00e9s \u00e0 vos ambitions.<\/strong><\/p>\n\n\n\n<h3 class=\"wp-block-heading\">NOS PUBLICATIONS<\/h3>\n\n\n\n<ul class=\"wp-block-list\">\n<li><a href=\"https:\/\/devs.openbaz.be\/stics\/wp-content\/uploads\/2017\/11\/Evaluation-mode-d-emploi-2e-edition.pdf\">\u00c9valuation, Mode d\u2019emploi<\/a><\/li>\n\n\n\n<li><a href=\"https:\/\/devs.openbaz.be\/stics\/wp-content\/uploads\/2024\/03\/publication-analyse-impact-action-sociale-002.pdf\">L\u2019analyse d\u2019impact dans l\u2019action sociale<\/a><\/li>\n<\/ul>\n\n\n\n<h3 class=\"wp-block-heading\">NOS SERVICES<\/h3>\n\n\n\n<ul class=\"wp-block-list\">\n<li><a href=\"https:\/\/devs.openbaz.be\/stics\/accompagnement-des-projets-et-des-organisations\/evaluer-un-programme-et-des-projets\/\" target=\"_blank\" rel=\"noreferrer noopener\">\u00c9valuer un programme ou des projets<\/a><\/li>\n<\/ul>\n\n\n\n<p class=\"wp-block-paragraph\"><\/p>","protected":false},"excerpt":{"rendered":"<p>Dans un contexte o\u00f9 les politiques sociales et culturelles sont de plus en plus soumises \u00e0 des logiques de performance et de rentabilit\u00e9, l\u2019\u00e9valuation des actions devient un enjeu central. Mais derri\u00e8re les appels \u00e0 la transparence et \u00e0 la rigueur, se cache souvent une volont\u00e9 de rationalisation, qui peut entrer en tension avec les dynamiques cr\u00e9atives, territoriales et d\u00e9mocratiques du secteur. Notre contribution propose de revisiter les conditions d\u2019une \u00e9valuation juste, choisie et constructive, en s\u2019appuyant sur les pratiques de terrain et les aspirations des acteurs sociaux et culturels eux-m\u00eames.<\/p>","protected":false},"author":3,"featured_media":11810,"comment_status":"closed","ping_status":"closed","sticky":false,"template":"","format":"standard","meta":{"_acf_changed":false,"_seopress_robots_primary_cat":"","_seopress_titles_title":"","_seopress_titles_desc":"","_seopress_robots_index":"","_formation_external_id":"","_formation_date_debut":"","_formation_date_fin":"","_formation_heure_debut":"","_formation_heure_fin":"","_formation_cancelled":"","_formation_youtube":"","_formation_tarif":0,"_formation_info_date":"","_formation_info_diagnostic_oui":"","_formation_nom_formateur":"","_formation_prenom_formateur":"","_formation_nom_formateur2":"","_formation_prenom_formateur2":"","_formation_public":"","_formation_objectif":"","_formation_methodologie":"","_formation_itineraire":"","_formation_tarif_cs":0,"_formation_tarif_preferentiel":0,"_formation_info_diagnostic":"","_formation_localite":"","_formation_id_is_distant":"","_formation_heure_label":"","_formation_reference":"","_formation_presentation":"","_formation_archived":"","footnotes":""},"categories":[221],"tags":[],"class_list":["post-11793","post","type-post","status-publish","format-standard","has-post-thumbnail","hentry","category-conseils-et-outils"],"acf":[],"_links":{"self":[{"href":"https:\/\/devs.openbaz.be\/stics\/wp-json\/wp\/v2\/posts\/11793","targetHints":{"allow":["GET"]}}],"collection":[{"href":"https:\/\/devs.openbaz.be\/stics\/wp-json\/wp\/v2\/posts"}],"about":[{"href":"https:\/\/devs.openbaz.be\/stics\/wp-json\/wp\/v2\/types\/post"}],"author":[{"embeddable":true,"href":"https:\/\/devs.openbaz.be\/stics\/wp-json\/wp\/v2\/users\/3"}],"replies":[{"embeddable":true,"href":"https:\/\/devs.openbaz.be\/stics\/wp-json\/wp\/v2\/comments?post=11793"}],"version-history":[{"count":15,"href":"https:\/\/devs.openbaz.be\/stics\/wp-json\/wp\/v2\/posts\/11793\/revisions"}],"predecessor-version":[{"id":11809,"href":"https:\/\/devs.openbaz.be\/stics\/wp-json\/wp\/v2\/posts\/11793\/revisions\/11809"}],"wp:featuredmedia":[{"embeddable":true,"href":"https:\/\/devs.openbaz.be\/stics\/wp-json\/wp\/v2\/media\/11810"}],"wp:attachment":[{"href":"https:\/\/devs.openbaz.be\/stics\/wp-json\/wp\/v2\/media?parent=11793"}],"wp:term":[{"taxonomy":"category","embeddable":true,"href":"https:\/\/devs.openbaz.be\/stics\/wp-json\/wp\/v2\/categories?post=11793"},{"taxonomy":"post_tag","embeddable":true,"href":"https:\/\/devs.openbaz.be\/stics\/wp-json\/wp\/v2\/tags?post=11793"}],"curies":[{"name":"wp","href":"https:\/\/api.w.org\/{rel}","templated":true}]}}