{"id":11685,"date":"2025-10-13T13:51:22","date_gmt":"2025-10-13T11:51:22","guid":{"rendered":"https:\/\/devs.openbaz.be\/stics\/?p=11685"},"modified":"2025-11-27T16:42:35","modified_gmt":"2025-11-27T15:42:35","slug":"lasbl-plan-f-recrute-un-e-assistant-e-administratif-ve-en-cdd","status":"publish","type":"post","link":"https:\/\/devs.openbaz.be\/stics\/lasbl-plan-f-recrute-un-e-assistant-e-administratif-ve-en-cdd\/","title":{"rendered":"L&#8217;ASBL Plan F recrute un.e assistant.e administratif.ve en CDD"},"content":{"rendered":"\n<p class=\"has-text-align-center has-white-color has-vivid-red-background-color has-text-color has-background has-link-color has-medium-font-size wp-elements-7b81f6802c0e7c279ccbe34256b03a32 wp-block-paragraph\">Cette offre d&#8217;emploi n&#8217;est plus ouverte \u00e0 candidatures<\/p>\n\n\n\n<p class=\"wp-block-paragraph\">Le Planning familial Plan F (Saint-Josse-ten-Noode) recherche un\u00b7e assistant\u00b7e administratif\u00b7ve pour renforcer son \u00e9quipe dans une maison vivante, inclusive et f\u00e9ministe, engag\u00e9e autour des questions de sant\u00e9 sexuelle, reproductive et relationnelle.<br><br>Votre mission&nbsp;: assurer la gestion comptable, administrative et logistique de l\u2019association, en collaboration avec la coordination et les autres membres du p\u00f4le administratif.<br><br>Vos atouts&nbsp;:<\/p>\n\n\n\n<ul class=\"wp-block-list\">\n<li>Ma\u00eetrise du fran\u00e7ais et des outils informatiques (Word, Excel, Outlook, Winbooks)<\/li>\n\n\n\n<li>Connaissances de base en comptabilit\u00e9 et de l\u2019environnement des asbl<\/li>\n\n\n\n<li>Sens de l\u2019organisation, rigueur, autonomie et bienveillance<\/li>\n\n\n\n<li>Int\u00e9r\u00eat pour les valeurs sociales et f\u00e9ministes du Plan F<\/li>\n<\/ul>\n\n\n\n<p class=\"wp-block-paragraph\">Vous aimez travailler en \u00e9quipe, dans un cadre horizontal et collaboratif&nbsp;? Vous \u00eates flexible, discret\u00b7e et proactif\u00b7ve&nbsp;? Ce poste est fait pour vous&nbsp;!<\/p>\n\n\n\n<ul class=\"wp-block-list\">\n<li>CDD 1 an \u2013 19h\/semaine, entr\u00e9e en fonction imm\u00e9diate<\/li>\n\n\n\n<li>Possibilit\u00e9 de prolongation en CDI \u2013 R\u00e9mun\u00e9ration bar\u00e8me 1\/39 CP 332 (anciennet\u00e9 reconnue)<\/li>\n\n\n\n<li>Disponibilit\u00e9 requise le lundi matin ou le vendredi matin<\/li>\n\n\n\n<li>Envoyez votre CV et lettre de motivation avant le 22 octobre 2025 \u00e0 coordination(at)planf.be<\/li>\n<\/ul>\n\n\n\n<p class=\"wp-block-paragraph\"><br><\/p>\n\n\n\n<div data-wp-interactive=\"core\/file\" class=\"wp-block-file\"><object data-wp-bind--hidden=\"!state.hasPdfPreview\" hidden class=\"wp-block-file__embed\" data=\"https:\/\/devs.openbaz.be\/stics\/wp-content\/uploads\/2025\/10\/Plan-F-Offre-demploi-assistant\u00b7e-admin.pdf\" type=\"application\/pdf\" style=\"width:100%;height:600px\" aria-label=\"Contenu embarqu\u00e9 Plan F - Offre d&apos;emploi assistant\u00b7e admin.\"><\/object><a id=\"wp-block-file--media-38223bcd-9888-4d66-acef-625e26366046\" href=\"https:\/\/devs.openbaz.be\/stics\/wp-content\/uploads\/2025\/10\/Plan-F-Offre-demploi-assistant\u00b7e-admin.pdf\">Plan F &#8211; Offre d&#8217;emploi assistant\u00b7e admin<\/a><a href=\"https:\/\/devs.openbaz.be\/stics\/wp-content\/uploads\/2025\/10\/Plan-F-Offre-demploi-assistant\u00b7e-admin.pdf\" class=\"wp-block-file__button wp-element-button\" download aria-describedby=\"wp-block-file--media-38223bcd-9888-4d66-acef-625e26366046\">T\u00e9l\u00e9charger<\/a><\/div>","protected":false},"excerpt":{"rendered":"<p>Le Planning familial Plan F (Saint-Josse-ten-Noode) recherche un\u00b7e assistant\u00b7e administratif\u00b7ve pour renforcer son \u00e9quipe dans une maison vivante, inclusive et f\u00e9ministe, engag\u00e9e autour des questions de sant\u00e9 sexuelle, reproductive et relationnelle.<\/p>","protected":false},"author":3,"featured_media":11698,"comment_status":"open","ping_status":"open","sticky":false,"template":"","format":"standard","meta":{"_acf_changed":false,"_seopress_robots_primary_cat":"","_seopress_titles_title":"","_seopress_titles_desc":"","_seopress_robots_index":"","_formation_external_id":"","_formation_date_debut":"","_formation_date_fin":"","_formation_heure_debut":"","_formation_heure_fin":"","_formation_cancelled":"","_formation_youtube":"","_formation_tarif":0,"_formation_info_date":"","_formation_info_diagnostic_oui":"","_formation_nom_formateur":"","_formation_prenom_formateur":"","_formation_nom_formateur2":"","_formation_prenom_formateur2":"","_formation_public":"","_formation_objectif":"","_formation_methodologie":"","_formation_itineraire":"","_formation_tarif_cs":0,"_formation_tarif_preferentiel":0,"_formation_info_diagnostic":"","_formation_localite":"","_formation_id_is_distant":"","_formation_heure_label":"","_formation_reference":"","_formation_presentation":"","_formation_archived":"","footnotes":""},"categories":[223],"tags":[],"class_list":["post-11685","post","type-post","status-publish","format-standard","has-post-thumbnail","hentry","category-offres-demploi"],"acf":[],"_links":{"self":[{"href":"https:\/\/devs.openbaz.be\/stics\/wp-json\/wp\/v2\/posts\/11685","targetHints":{"allow":["GET"]}}],"collection":[{"href":"https:\/\/devs.openbaz.be\/stics\/wp-json\/wp\/v2\/posts"}],"about":[{"href":"https:\/\/devs.openbaz.be\/stics\/wp-json\/wp\/v2\/types\/post"}],"author":[{"embeddable":true,"href":"https:\/\/devs.openbaz.be\/stics\/wp-json\/wp\/v2\/users\/3"}],"replies":[{"embeddable":true,"href":"https:\/\/devs.openbaz.be\/stics\/wp-json\/wp\/v2\/comments?post=11685"}],"version-history":[{"count":4,"href":"https:\/\/devs.openbaz.be\/stics\/wp-json\/wp\/v2\/posts\/11685\/revisions"}],"predecessor-version":[{"id":11885,"href":"https:\/\/devs.openbaz.be\/stics\/wp-json\/wp\/v2\/posts\/11685\/revisions\/11885"}],"wp:featuredmedia":[{"embeddable":true,"href":"https:\/\/devs.openbaz.be\/stics\/wp-json\/wp\/v2\/media\/11698"}],"wp:attachment":[{"href":"https:\/\/devs.openbaz.be\/stics\/wp-json\/wp\/v2\/media?parent=11685"}],"wp:term":[{"taxonomy":"category","embeddable":true,"href":"https:\/\/devs.openbaz.be\/stics\/wp-json\/wp\/v2\/categories?post=11685"},{"taxonomy":"post_tag","embeddable":true,"href":"https:\/\/devs.openbaz.be\/stics\/wp-json\/wp\/v2\/tags?post=11685"}],"curies":[{"name":"wp","href":"https:\/\/api.w.org\/{rel}","templated":true}]}}