{"id":11567,"date":"2025-10-06T18:38:53","date_gmt":"2025-10-06T16:38:53","guid":{"rendered":"https:\/\/devs.openbaz.be\/stics\/?p=11567"},"modified":"2025-11-05T18:50:05","modified_gmt":"2025-11-05T17:50:05","slug":"40-acteurs-pivots-de-la-securite-et-de-la-prevention-alertent-les-autorites-bruxelloises-sans-garantie-de-continuite-des-projets-vitaux-risquent-de-sarreter-des-janvier-2026","status":"publish","type":"post","link":"https:\/\/devs.openbaz.be\/stics\/40-acteurs-pivots-de-la-securite-et-de-la-prevention-alertent-les-autorites-bruxelloises-sans-garantie-de-continuite-des-projets-vitaux-risquent-de-sarreter-des-janvier-2026\/","title":{"rendered":"40 acteurs pivots de la s\u00e9curit\u00e9 et de la pr\u00e9vention alertent les autorit\u00e9s bruxelloises&nbsp;: sans garantie de continuit\u00e9, des projets vitaux risquent de s\u2019arr\u00eater d\u00e8s janvier 2026"},"content":{"rendered":"\n<p class=\"wp-block-paragraph\">Bruxelles, 2 octobre 2025<\/p>\n\n\n\n<p class=\"wp-block-paragraph\">En l\u2019absence de Gouvernement \u00e0 Bruxelles depuis 15 mois, quarante associations actives dans le champ de la s\u00e9curit\u00e9 et de la pr\u00e9vention, soutenues dans le cadre du Plan Global de S\u00e9curit\u00e9 et de Pr\u00e9vention (PGSP) et financ\u00e9es par safe.brussels, exhortent les autorit\u00e9s r\u00e9gionales \u00e0 garantir imm\u00e9diatement la continuit\u00e9 de leurs financements. Sans cette garantie, leurs missions risquent d\u2019\u00eatre interrompues. D\u00e9j\u00e0 fragilis\u00e9es par plusieurs ann\u00e9es sans indexation et par une r\u00e9duction budg\u00e9taire de 15&nbsp;% en 2025, elles rappellent que leurs projets r\u00e9pondent \u00e0 des priorit\u00e9s r\u00e9gionales essentielles&nbsp;: drogues et assu\u00e9tudes, orientation des personnes sans-abri sur les r\u00e9seaux de transport, lutte contre la traite et le trafic d\u2019\u00eatres humains, gestion et pr\u00e9vention de crises et de ph\u00e9nom\u00e8nes de radicalisation, prise en charge des victimes de violences sexistes et sexuelles.\u00a0\u00a0<\/p>\n\n\n\n<h2 class=\"wp-block-heading\">Prolongation urgente du m\u00e9canisme temporaire<\/h2>\n\n\n\n<p class=\"wp-block-paragraph\">Depuis le d\u00e9but de l\u2019ann\u00e9e, un m\u00e9canisme temporaire de financement par douzi\u00e8mes provisoires a permis d\u2019assurer la continuit\u00e9 des actions men\u00e9es par ces associations. Il a d\u00e9montr\u00e9 son efficacit\u00e9 pour \u00e9viter les ruptures de tr\u00e9sorerie et garantir l\u2019acc\u00e8s \u00e0 des services essentiels pour des dizaines de milliers de Bruxellois\u00b7es.<\/p>\n\n\n\n<p class=\"wp-block-paragraph\">Ce dispositif a permis de maintenir un fonctionnement minimal, mais il ne suffit pas&nbsp;: les associations exhortent les autorit\u00e9s r\u00e9gionales \u00e0 prolonger sans d\u00e9lai ce dispositif de standstill jusqu\u2019au vote d\u2019un budget complet, afin de pr\u00e9server la capacit\u00e9 collective de r\u00e9ponse aux crises sociales et s\u00e9curitaires \u00e0 Bruxelles.<\/p>\n\n\n\n<h2 class=\"wp-block-heading\">Garantir la stabilit\u00e9 des financements associatifs<\/h2>\n\n\n\n<p class=\"wp-block-paragraph\">Au-del\u00e0 de la prolongation du m\u00e9canisme temporaire, les associations souhaitent ouvrir un dialogue structurel avec les autorit\u00e9s r\u00e9gionales sur les conditions de financement \u00e0 long terme. Elles appellent \u00e0 d\u00e9finir ensemble un cadre durable qui garantisse la stabilit\u00e9 n\u00e9cessaire au d\u00e9veloppement de r\u00e9ponses adapt\u00e9es aux besoins croissants de leurs publics.<\/p>\n\n\n\n<p class=\"wp-block-paragraph\">Il est primordial, rappellent enfin les 40 acteurs du PGSP, de garantir la continuit\u00e9 des services et la stabilit\u00e9 des financements afin que les associations puissent poursuivre leurs actions et r\u00e9pondre aux besoins les plus urgents d\u2019une population bruxelloise de plus en plus fragilis\u00e9e.<\/p>\n\n\n\n<p class=\"wp-block-paragraph\"><em>Signataires&nbsp;: 2bouts, ADDE, ALIAS, Arts&amp;Publics, BeFUS, BRUXEO, Bulle Wasserette Mobile, Casa Legal, Centre d\u2019\u00e9ducation \u00e0 la citoyennet\u00e9 du centre communautaire la\u00efc juif David Susskind, CPF Woman\u2019D\u014d, DIOGENES asbl, DUNE, Ecran large sur tableau noir\/Vivrensemble au cin\u00e9ma, FAIRWORK Belgium, F\u00e9d\u00e9ration La\u00efque de Centres de Planning Familial, GAMS Belgique, JES Academy, Le Mus\u00e9e juif de Belgique, Les Grignoux, Medimmigrant vzw, Modus Vivendi, Oasis Belgium, PAG-ASA vzw\/asbl, Projet LAMA, SoHab \u2013 Association de Solidarit\u00e9 pour l\u2019Habitat, Teach for Belgium, Touche Pas \u00e0 Ma Pote<\/em><\/p>\n\n\n\n<p class=\"wp-block-paragraph\"><\/p>\n\n\n\n<p class=\"has-small-font-size wp-block-paragraph\"><em>Photo&nbsp;: \u00a9 Ennio Cameriere<\/em><\/p>","protected":false},"excerpt":{"rendered":"<p>Quarante associations actives dans le champ de la s\u00e9curit\u00e9 et de la pr\u00e9vention, soutenues dans le cadre du Plan Global de S\u00e9curit\u00e9 et de Pr\u00e9vention (PGSP) et financ\u00e9es par safe.brussels, exhortent les autorit\u00e9s r\u00e9gionales \u00e0 garantir imm\u00e9diatement la continuit\u00e9 de leurs financements.<\/p>","protected":false},"author":3,"featured_media":11570,"comment_status":"closed","ping_status":"closed","sticky":false,"template":"","format":"standard","meta":{"_acf_changed":false,"_seopress_robots_primary_cat":"","_seopress_titles_title":"","_seopress_titles_desc":"","_seopress_robots_index":"","_formation_external_id":"","_formation_date_debut":"","_formation_date_fin":"","_formation_heure_debut":"","_formation_heure_fin":"","_formation_cancelled":"","_formation_youtube":"","_formation_tarif":0,"_formation_info_date":"","_formation_info_diagnostic_oui":"","_formation_nom_formateur":"","_formation_prenom_formateur":"","_formation_nom_formateur2":"","_formation_prenom_formateur2":"","_formation_public":"","_formation_objectif":"","_formation_methodologie":"","_formation_itineraire":"","_formation_tarif_cs":0,"_formation_tarif_preferentiel":0,"_formation_info_diagnostic":"","_formation_localite":"","_formation_id_is_distant":"","_formation_heure_label":"","_formation_reference":"","_formation_presentation":"","_formation_archived":"","footnotes":""},"categories":[225],"tags":[],"class_list":["post-11567","post","type-post","status-publish","format-standard","has-post-thumbnail","hentry","category-echos-du-secteur"],"acf":[],"_links":{"self":[{"href":"https:\/\/devs.openbaz.be\/stics\/wp-json\/wp\/v2\/posts\/11567","targetHints":{"allow":["GET"]}}],"collection":[{"href":"https:\/\/devs.openbaz.be\/stics\/wp-json\/wp\/v2\/posts"}],"about":[{"href":"https:\/\/devs.openbaz.be\/stics\/wp-json\/wp\/v2\/types\/post"}],"author":[{"embeddable":true,"href":"https:\/\/devs.openbaz.be\/stics\/wp-json\/wp\/v2\/users\/3"}],"replies":[{"embeddable":true,"href":"https:\/\/devs.openbaz.be\/stics\/wp-json\/wp\/v2\/comments?post=11567"}],"version-history":[{"count":4,"href":"https:\/\/devs.openbaz.be\/stics\/wp-json\/wp\/v2\/posts\/11567\/revisions"}],"predecessor-version":[{"id":11815,"href":"https:\/\/devs.openbaz.be\/stics\/wp-json\/wp\/v2\/posts\/11567\/revisions\/11815"}],"wp:featuredmedia":[{"embeddable":true,"href":"https:\/\/devs.openbaz.be\/stics\/wp-json\/wp\/v2\/media\/11570"}],"wp:attachment":[{"href":"https:\/\/devs.openbaz.be\/stics\/wp-json\/wp\/v2\/media?parent=11567"}],"wp:term":[{"taxonomy":"category","embeddable":true,"href":"https:\/\/devs.openbaz.be\/stics\/wp-json\/wp\/v2\/categories?post=11567"},{"taxonomy":"post_tag","embeddable":true,"href":"https:\/\/devs.openbaz.be\/stics\/wp-json\/wp\/v2\/tags?post=11567"}],"curies":[{"name":"wp","href":"https:\/\/api.w.org\/{rel}","templated":true}]}}