{"id":11396,"date":"2025-09-26T20:36:23","date_gmt":"2025-09-26T18:36:23","guid":{"rendered":"https:\/\/devs.openbaz.be\/stics\/?p=11396"},"modified":"2025-12-12T18:00:20","modified_gmt":"2025-12-12T17:00:20","slug":"le-stics-recrute-un-e-responsable-administrative","status":"publish","type":"post","link":"https:\/\/devs.openbaz.be\/stics\/le-stics-recrute-un-e-responsable-administrative\/","title":{"rendered":"Le STICS recrute un\u00b7e responsable administrative"},"content":{"rendered":"\n<p class=\"has-vivid-red-color has-text-color has-link-color wp-elements-2a9a88b6f4ec34b0c6925ded8147ab7a wp-block-paragraph\"><strong>Les candidatures sont \u00e0 pr\u00e9sent cl\u00f4tur\u00e9es pour cette annonce.<\/strong><\/p>\n\n\n\n<h2 class=\"wp-block-heading\">\u00c0 propos du STICS ASBL<\/h2>\n\n\n\n<p class=\"wp-block-paragraph\">Le STICS asbl agr\u00e9e en \u00e9ducation permanente est un centre de r\u00e9f\u00e9rences en mati\u00e8re de formations, de supervision et d\u2019accompagnement de projets pour le secteur associatif et non-marchand.<\/p>\n\n\n\n<h2 class=\"wp-block-heading\">Votre mission<\/h2>\n\n\n\n<p class=\"wp-block-paragraph\">Sous l\u2019autorit\u00e9 de la direction, vous assurez principalement la gestion administrative de l\u2019ASBL, en ce compris l\u2019interface entre l\u2019OA, les collaborateurs et les clients, le suivi administratif des ressources humaines et le pilotage de la r\u00e9ponse aux demandes d\u2019interventions sur mesure et de formations.<\/p>\n\n\n\n<h2 class=\"wp-block-heading\">Vos principales responsabilit\u00e9s<\/h2>\n\n\n\n<p class=\"wp-block-paragraph\"><strong>Gestion administrative<\/strong><\/p>\n\n\n\n<ul class=\"wp-block-list\">\n<li>Assurer le suivi des dossiers administratifs et des subventions.<\/li>\n\n\n\n<li>Assurer la conformit\u00e9 des actes r\u00e9glementaires de l&#8217;asbl.<\/li>\n\n\n\n<li>Veiller aux publications officielles.<\/li>\n\n\n\n<li>Veiller \u00e0 la circulation rigoureuse des informations entre les parties prenantes (mails, courriers, Drive).<\/li>\n\n\n\n<li>Contribuer \u00e0 la r\u00e9daction de documents (Dossiers de justificatifs, contrats, rapports, conventions)<\/li>\n\n\n\n<li>Informer quotidiennement la direction de l&#8217;ex\u00e9cution des t\u00e2ches selon les plannings pr\u00e9vus<\/li>\n\n\n\n<li>Suivis des conventions et des contrats avec les fournisseurs, les prestataires, les intervenants, les partenaires, etc.<\/li>\n\n\n\n<li>Encodage et classement rigoureux des documents administratifs<\/li>\n<\/ul>\n\n\n\n<p class=\"wp-block-paragraph\"><br><strong>Ressources humaines<\/strong><\/p>\n\n\n\n<ul class=\"wp-block-list\">\n<li>G\u00e9rer l\u2019administration du personnel (contrats, dimona, payroll, cong\u00e9s, ch\u00e8ques-repas, accidents de travail, registres&#8230;)<\/li>\n\n\n\n<li>Suivi complet du R\u00e8glement de Travail et de la loi sur le bien-\u00eatre au travail<\/li>\n\n\n\n<li>Assurer la compliance de l&#8217;asbl aux diff\u00e9rentes r\u00e9glementations dont Banque Carrefour, Moniteur Belge, registre UBO, etc<\/li>\n\n\n\n<li>\u00catre l\u2019interlocuteur\u00b7rice du secr\u00e9tariat social et des CPAS pour le volet RH<\/li>\n<\/ul>\n\n\n\n<p class=\"wp-block-paragraph\"><br><strong>Gestion des subventions<\/strong><\/p>\n\n\n\n<ul class=\"wp-block-list\">\n<li>Pr\u00e9paration et r\u00e9daction des dossiers de justifications, selon les calendriers des pouvoirs subsidiants&nbsp;: \u00e9tablissement des rapports moraux, cl\u00f4ture des comptes, pi\u00e8ces justificatives, etc.<\/li>\n\n\n\n<li>Participation \u00e0 la r\u00e9daction des dossiers et rapports d\u2019activit\u00e9 annuel et quinquennaux<\/li>\n<\/ul>\n\n\n\n<p class=\"wp-block-paragraph\"><br><strong>Logistique &amp; Support<\/strong><\/p>\n\n\n\n<p class=\"wp-block-paragraph\">Aves les assistant.e.s admistratif.ve.s<\/p>\n\n\n\n<ul class=\"wp-block-list\">\n<li>Anticiper la logistique du bureau (commandes, courriers, entretiens)<\/li>\n\n\n\n<li>Gestion des abonnements logiciels\/applis\/\u2026<\/li>\n\n\n\n<li>Gestion des acc\u00e8s informatiques en fonction des postes<\/li>\n\n\n\n<li>Gestion des documents administratifs papier et num\u00e9rique (archivages -sauvegardes)<\/li>\n<\/ul>\n\n\n\n<h2 class=\"wp-block-heading\">Profil recherch\u00e9<\/h2>\n\n\n\n<p class=\"wp-block-paragraph\"><strong>Comp\u00e9tences techniques<\/strong><\/p>\n\n\n\n<ul class=\"wp-block-list\">\n<li>Vous \u00eates bachelor ou master ou exp\u00e9rience probante<\/li>\n\n\n\n<li>Bonne connaissance des obligations r\u00e9glementaires des asbl et de la r\u00e9glementation relative aux contrats de travail (dont la r\u00e9glementation ACS), de la CCT 329.02 et de la r\u00e9glementation relative au bien-\u00eatre au travail.<\/li>\n\n\n\n<li>Bonne ma\u00eetrise de la bureautique Word\/Excel\/Powerpoint\/Google et Firefox\/PPTi XMind et des outils Google Workspace (Drive, Outlook, Agenda partag\u00e9) et Utilisation de la base de donn\u00e9es du Stics<\/li>\n\n\n\n<li>Capacit\u00e9 \u00e0 r\u00e9diger avec rigueur (tr\u00e8s bonne orthographe)<\/li>\n\n\n\n<li>Faire preuve de d\u00e9ontologie et de discr\u00e9tion tant dans les relations internes qu&#8217;externes&nbsp;;<\/li>\n\n\n\n<li>Anticiper, planifier, d\u00e9l\u00e9guer, \u00eatre l&#8217;interface entre son responsable et les entit\u00e9s externes ou internes, rigueur, implication, \u00e9coute, m\u00e9thode, organisation et capacit\u00e9 d&#8217;adaptation.<\/li>\n\n\n\n<li>Au moins 5 ans d\u2019exp\u00e9rience en fonction \u00e9quivalente dans le secteur non marchand.<\/li>\n<\/ul>\n\n\n\n<p class=\"wp-block-paragraph\"><br><strong>Comp\u00e9tences personnelles<\/strong><\/p>\n\n\n\n<ul class=\"wp-block-list\">\n<li>Esprit d\u2019organisation, rigueur et autonomie.<\/li>\n\n\n\n<li>Relationnel assertif<\/li>\n\n\n\n<li>Discr\u00e9tion et d\u00e9ontologie professionnelle<\/li>\n\n\n\n<li>Aisance avec les chiffres et sens de l\u2019analyse.<\/li>\n\n\n\n<li>Capacit\u00e9 \u00e0 travailler en \u00e9quipe et \u00e0 superviser une petite unit\u00e9.<\/li>\n\n\n\n<li>Aptitude \u00e0 se former en continu<\/li>\n\n\n\n<li>Int\u00e9r\u00eat pour le secteur de l\u2019Education Permanente<\/li>\n<\/ul>\n\n\n\n<h2 class=\"wp-block-heading\">Nous offrons<\/h2>\n\n\n\n<ul class=\"wp-block-list\">\n<li>Un contrat \u00e0 dur\u00e9e ind\u00e9termin\u00e9e (CDI) \u00e0 temps plein 38h00 semaine<\/li>\n\n\n\n<li>Un salaire align\u00e9 sur les bar\u00e8mes de la CP 329.02<\/li>\n\n\n\n<li>Intervention dans les frais de d\u00e9placement<\/li>\n\n\n\n<li>Avantage&nbsp;: ch\u00e8ques-repas<\/li>\n\n\n\n<li>Prise en compte de l\u2019exp\u00e9rience professionnelle<\/li>\n\n\n\n<li>Un cadre de travail stimulant dans une association porteuse de valeurs sociales et culturelles<\/li>\n\n\n\n<li>Acc\u00e8s \u00e0 la formation continue<\/li>\n<\/ul>\n\n\n\n<p class=\"wp-block-paragraph\"><br>Entr\u00e9e en fonction rapide possible<\/p>\n\n\n\n<p class=\"has-vivid-red-color has-text-color has-link-color wp-elements-2a9a88b6f4ec34b0c6925ded8147ab7a wp-block-paragraph\"><strong>Les candidatures sont \u00e0 pr\u00e9sent cl\u00f4tur\u00e9es pour cette annonce.<\/strong><\/p>\n\n\n\n<p class=\"wp-block-paragraph\">Pour information&nbsp;: aucune suite ne sera donn\u00e9e aux demandes d&#8217;information.<br><\/p>","protected":false},"excerpt":{"rendered":"<p>Les candidatures sont \u00e0 pr\u00e9sent cl\u00f4tur\u00e9es pour cette annonce. \u00c0 propos du STICS ASBL Le STICS asbl agr\u00e9e en \u00e9ducation permanente est un centre de r\u00e9f\u00e9rences en mati\u00e8re de formations, de supervision et d\u2019accompagnement de projets pour le secteur associatif et non-marchand. Votre mission Sous l\u2019autorit\u00e9 de la direction, vous assurez principalement la gestion administrative [&hellip;]<\/p>","protected":false},"author":3,"featured_media":11399,"comment_status":"open","ping_status":"open","sticky":false,"template":"","format":"standard","meta":{"_acf_changed":false,"_seopress_robots_primary_cat":"","_seopress_titles_title":"","_seopress_titles_desc":"","_seopress_robots_index":"","_formation_external_id":"","_formation_date_debut":"","_formation_date_fin":"","_formation_heure_debut":"","_formation_heure_fin":"","_formation_cancelled":"","_formation_youtube":"","_formation_tarif":0,"_formation_info_date":"","_formation_info_diagnostic_oui":"","_formation_nom_formateur":"","_formation_prenom_formateur":"","_formation_nom_formateur2":"","_formation_prenom_formateur2":"","_formation_public":"","_formation_objectif":"","_formation_methodologie":"","_formation_itineraire":"","_formation_tarif_cs":0,"_formation_tarif_preferentiel":0,"_formation_info_diagnostic":"","_formation_localite":"","_formation_id_is_distant":"","_formation_heure_label":"","_formation_reference":"","_formation_presentation":"","_formation_archived":"","footnotes":""},"categories":[223],"tags":[],"class_list":["post-11396","post","type-post","status-publish","format-standard","has-post-thumbnail","hentry","category-offres-demploi"],"acf":[],"_links":{"self":[{"href":"https:\/\/devs.openbaz.be\/stics\/wp-json\/wp\/v2\/posts\/11396","targetHints":{"allow":["GET"]}}],"collection":[{"href":"https:\/\/devs.openbaz.be\/stics\/wp-json\/wp\/v2\/posts"}],"about":[{"href":"https:\/\/devs.openbaz.be\/stics\/wp-json\/wp\/v2\/types\/post"}],"author":[{"embeddable":true,"href":"https:\/\/devs.openbaz.be\/stics\/wp-json\/wp\/v2\/users\/3"}],"replies":[{"embeddable":true,"href":"https:\/\/devs.openbaz.be\/stics\/wp-json\/wp\/v2\/comments?post=11396"}],"version-history":[{"count":9,"href":"https:\/\/devs.openbaz.be\/stics\/wp-json\/wp\/v2\/posts\/11396\/revisions"}],"predecessor-version":[{"id":11861,"href":"https:\/\/devs.openbaz.be\/stics\/wp-json\/wp\/v2\/posts\/11396\/revisions\/11861"}],"wp:featuredmedia":[{"embeddable":true,"href":"https:\/\/devs.openbaz.be\/stics\/wp-json\/wp\/v2\/media\/11399"}],"wp:attachment":[{"href":"https:\/\/devs.openbaz.be\/stics\/wp-json\/wp\/v2\/media?parent=11396"}],"wp:term":[{"taxonomy":"category","embeddable":true,"href":"https:\/\/devs.openbaz.be\/stics\/wp-json\/wp\/v2\/categories?post=11396"},{"taxonomy":"post_tag","embeddable":true,"href":"https:\/\/devs.openbaz.be\/stics\/wp-json\/wp\/v2\/tags?post=11396"}],"curies":[{"name":"wp","href":"https:\/\/api.w.org\/{rel}","templated":true}]}}