{"id":11280,"date":"2025-09-17T19:02:27","date_gmt":"2025-09-17T17:02:27","guid":{"rendered":"https:\/\/devs.openbaz.be\/stics\/?p=11280"},"modified":"2025-09-17T19:09:05","modified_gmt":"2025-09-17T17:09:05","slug":"la-rue-asbl-association-deducation-permanente-recrute-decouvrez-les-3-offres-demploi","status":"publish","type":"post","link":"https:\/\/devs.openbaz.be\/stics\/la-rue-asbl-association-deducation-permanente-recrute-decouvrez-les-3-offres-demploi\/","title":{"rendered":"La Rue asbl, association d\u2019\u00e9ducation permanente, recrute\u00a0: d\u00e9couvrez les 3 offres d&#8217;emploi"},"content":{"rendered":"\n<h2 class=\"wp-block-heading\">1. Poste \u00e0\u00a03\/5 temps dans le cadre de notre\u00a0Conseil en r\u00e9novation et \u00e9nergie\u00a0sur CDI<\/h2>\n\n\n\n<p class=\"wp-block-paragraph\">La Rue asbl, association d\u2019\u00e9ducation permanente, engage un.e travailleur.se de niveau universitaire \u00e0 3\/5\u00e8me temps sur CDI, Conseiller.\u00e8re \u00e9nergie, dans le cadre de son \u00ab&nbsp;conseil \u00e0 la r\u00e9novation et \u00e0 l&#8217;\u00e9nergie&nbsp;\u00bb dans le secteur de l\u2019action sociale du logement dans le Vieux Molenbeek et de la strat\u00e9gie r\u00e9no-durable r\u00e9gionale 2030-2050 . Contact ais\u00e9 avec le public, formation dans le domaine, exp\u00e9rience de terrain souhait\u00e9e. Disponible rapidement. <\/p>\n\n\n\n<p class=\"wp-block-paragraph\">CV+lettre de motivations avant le 3 octobre 2025 \u00e0 l&#8217;adresse suivante&nbsp;: La Rue asbl, Mme. Barth\u00e9lemy, rue Ransfort 61, 1080 Bruxelles, info@larueasbl.be<\/p>\n\n\n\n<div class=\"wp-block-buttons is-layout-flex wp-block-buttons-is-layout-flex\">\n<div class=\"wp-block-button\"><a class=\"wp-block-button__link wp-element-button\" href=\"https:\/\/www.larueasbl.be\/wp-content\/uploads\/2025\/09\/OffreEmploiConseilEnergie092025.pdf\" target=\"_blank\" rel=\"noreferrer noopener\">Lire l&#8217;offre d\u00e9taill\u00e9e<\/a><\/div>\n<\/div>\n\n\n\n<h2 class=\"wp-block-heading\">2. Poste \u00e0 mi-temps dans le cadre de notre\u00a0\u00e9cole de devoirs et de notre Espace Jeunes\u00a0(publics enfants\/et jeunes) sur CDI<\/h2>\n\n\n\n<p class=\"wp-block-paragraph\">L\u2019asbl La Rue, association d\u2019Education permanente dans le Vieux Molenbeek, engage un.e animateur.trice \u00e0 mi-temps sur poste CDI dans le cadre de ses activit\u00e9s de l\u2019\u00e9cole de devoirs des enfants et de l\u2019Espace Jeunes des adolescent.es. <br><br>CV+lettre de motivations \u00e0 faire parvenir \u00e0 info@larueasbl.be, La Rue asbl, Mme. Barth\u00e9lemy, rue Ransfort 61, 1080 Bruxelles, pour le 2 octobre 2025 au plus tard&nbsp;; r\u00e9f\u00e9rence \u00ab&nbsp;EDD et EJ&nbsp;\u00bb \u00e0 pr\u00e9ciser. Etre disponible imm\u00e9diatement.<\/p>\n\n\n\n<div class=\"wp-block-buttons is-layout-flex wp-block-buttons-is-layout-flex\">\n<div class=\"wp-block-button\"><a class=\"wp-block-button__link wp-element-button\" href=\"https:\/\/www.larueasbl.be\/wp-content\/uploads\/2025\/09\/Offre-emploi-EDD-et-EJ-mi-temps-Sept2025.pdf\" target=\"_blank\" rel=\"noreferrer noopener\">Lire l&#8217;offre d\u00e9taill\u00e9e<\/a><\/div>\n<\/div>\n\n\n\n<h2 class=\"wp-block-heading\">3. Poste \u00e0 mi-temps dans le cadre de notre\u00a0\u00e9cole de devoirs des enfants sur CDR<\/h2>\n\n\n\n<p class=\"wp-block-paragraph\">L\u2019asbl La Rue, association d\u2019Education permanente dans le Vieux Molenbeek, engage un.e animateur.trice pour un contrat de remplacement \u00e0 mi-temps sur poste ACS dans le cadre de ses activit\u00e9s de l\u2019\u00e9cole de devoirs des enfants. Remplir les conditions ACS est une exigence (niveau de formation secondaire sup\u00e9rieur). <\/p>\n\n\n\n<p class=\"wp-block-paragraph\">CV+lettre de motivations \u00e0 faire parvenir \u00e0 info@larueasbl.be, La Rue asbl, Mme. Barth\u00e9lemy, rue Ransfort 61, 1080 Bruxelles, pour le 2 octobre 2025 au plus tard&nbsp;; r\u00e9f\u00e9rence \u00ab&nbsp;Candidature EDD&nbsp;\u00bb \u00e0 pr\u00e9ciser. Etre disponible imm\u00e9diatement.<\/p>\n\n\n\n<div class=\"wp-block-buttons is-layout-flex wp-block-buttons-is-layout-flex\">\n<div class=\"wp-block-button\"><a class=\"wp-block-button__link wp-element-button\" href=\"https:\/\/www.larueasbl.be\/wp-content\/uploads\/2025\/09\/Offre-emploi-EDD-mi-temps-remplacement-ACS-sept2025.pdf\" target=\"_blank\" rel=\"noreferrer noopener\">Lire l&#8217;offre d\u00e9taill\u00e9e<\/a><\/div>\n<\/div>","protected":false},"excerpt":{"rendered":"<p>La Rue ASBL publie 3 offres d&#8217;emploi&nbsp;: 1 offre conseiller en r\u00e9novation et \u00e9nergie et 2 offres en lien avec l&#8217;\u00e9cole des devoirs et l&#8217;espace jeunes.<\/p>","protected":false},"author":3,"featured_media":11290,"comment_status":"closed","ping_status":"closed","sticky":false,"template":"","format":"standard","meta":{"_acf_changed":false,"_seopress_robots_primary_cat":"","_seopress_titles_title":"","_seopress_titles_desc":"","_seopress_robots_index":"","_formation_external_id":"","_formation_date_debut":"","_formation_date_fin":"","_formation_heure_debut":"","_formation_heure_fin":"","_formation_cancelled":"","_formation_youtube":"","_formation_tarif":0,"_formation_info_date":"","_formation_info_diagnostic_oui":"","_formation_nom_formateur":"","_formation_prenom_formateur":"","_formation_nom_formateur2":"","_formation_prenom_formateur2":"","_formation_public":"","_formation_objectif":"","_formation_methodologie":"","_formation_itineraire":"","_formation_tarif_cs":0,"_formation_tarif_preferentiel":0,"_formation_info_diagnostic":"","_formation_localite":"","_formation_id_is_distant":"","_formation_heure_label":"","_formation_reference":"","_formation_presentation":"","_formation_archived":"","footnotes":""},"categories":[223],"tags":[],"class_list":["post-11280","post","type-post","status-publish","format-standard","has-post-thumbnail","hentry","category-offres-demploi"],"acf":[],"_links":{"self":[{"href":"https:\/\/devs.openbaz.be\/stics\/wp-json\/wp\/v2\/posts\/11280","targetHints":{"allow":["GET"]}}],"collection":[{"href":"https:\/\/devs.openbaz.be\/stics\/wp-json\/wp\/v2\/posts"}],"about":[{"href":"https:\/\/devs.openbaz.be\/stics\/wp-json\/wp\/v2\/types\/post"}],"author":[{"embeddable":true,"href":"https:\/\/devs.openbaz.be\/stics\/wp-json\/wp\/v2\/users\/3"}],"replies":[{"embeddable":true,"href":"https:\/\/devs.openbaz.be\/stics\/wp-json\/wp\/v2\/comments?post=11280"}],"version-history":[{"count":9,"href":"https:\/\/devs.openbaz.be\/stics\/wp-json\/wp\/v2\/posts\/11280\/revisions"}],"predecessor-version":[{"id":11289,"href":"https:\/\/devs.openbaz.be\/stics\/wp-json\/wp\/v2\/posts\/11280\/revisions\/11289"}],"wp:featuredmedia":[{"embeddable":true,"href":"https:\/\/devs.openbaz.be\/stics\/wp-json\/wp\/v2\/media\/11290"}],"wp:attachment":[{"href":"https:\/\/devs.openbaz.be\/stics\/wp-json\/wp\/v2\/media?parent=11280"}],"wp:term":[{"taxonomy":"category","embeddable":true,"href":"https:\/\/devs.openbaz.be\/stics\/wp-json\/wp\/v2\/categories?post=11280"},{"taxonomy":"post_tag","embeddable":true,"href":"https:\/\/devs.openbaz.be\/stics\/wp-json\/wp\/v2\/tags?post=11280"}],"curies":[{"name":"wp","href":"https:\/\/api.w.org\/{rel}","templated":true}]}}